{"id":66264,"date":"2024-03-15T09:30:00","date_gmt":"2024-03-15T15:30:00","guid":{"rendered":"http:\/\/www.zonaroja.com.mx\/?p=66264"},"modified":"2024-03-15T07:26:51","modified_gmt":"2024-03-15T13:26:51","slug":"tras-visita-de-gobernador-se-enfrentan-transportistas-en-teotitlan-de-flores-magon","status":"publish","type":"post","link":"https:\/\/zonaroja.com.mx\/?p=66264","title":{"rendered":"Tras visita de gobernador, se enfrentan transportistas en Teotitl\u00e1n de Flores Mag\u00f3n"},"content":{"rendered":"\n<p>Raymundo Morales\/Zona Roja.<\/p>\n\n\n\n<p>Oaxaca de Ju\u00e1rez, Oax., a 15 de marzo de 2024.- Mientras el gobernador Salom\u00f3n Jara Cruz visitaba la regi\u00f3n Sierra de Flores Mag\u00f3n, donde presidi\u00f3 una reuni\u00f3n de seguridad, transportistas de dos organizaciones protagonizaron un enfrentamiento en el municipio de Teotitl\u00e1n de Flores Mag\u00f3n, que dej\u00f3 como saldo al menos tres personas lesionadas de bala y casi 10 unidades de motor siniestradas.<\/p>\n\n\n\n<p>El supuesto argumento fue la colocaci\u00f3n de un nuevo sitio de taxis, por parte del Movimiento de Unificaci\u00f3n y Lucha Triqui (MULT) en la calle Hidalgo, lo que gener\u00f3 una respuesta violenta de la organizaci\u00f3n Movimiento Oaxaque\u00f1o de Izquierda Democr\u00e1tica (MOID).<\/p>\n\n\n\n<p>En el zafarrancho resultaron lesionadas al menos tres personas, al parecer militantes del MULT, adem\u00e1s de que da\u00f1aron taxis y mototaxis de dicha organizaci\u00f3n social.<\/p>\n\n\n\n<p>Asimismo, de acuerdo con reportes policiacos, fueron detenidas dos personas, presuntos guardias de seguridad de los l\u00edderes del MULT, a quienes se hallaron armas de fuego.<\/p>\n\n\n\n<p>El MOID fue creado recientemente y lo encabeza David Jim\u00e9nez, quien se escindi\u00f3 del Movimiento de Unificaci\u00f3n y Lucha Triqui y a quien ahora disputa a los transportistas y los sitios de ascenso y descenso.<\/p>\n\n\n\n<p>Recientemente, el MOID efectu\u00f3 diversas movilizaciones en la ciudad de Oaxaca y el interior del estado, para exigir prebendas a las autoridades, que supuestamente entregar\u00eda a las comunidades ind\u00edgenas.<\/p>\n\n\n\n<p>Pese a ello, el Gobierno del Estado no ha actuado en contra de David Jim\u00e9nez, quien ahora azuz\u00f3 a sus militantes en el enfrentamiento registrado en Teotitl\u00e1n de Flores Mag\u00f3n, municipio de la regi\u00f3n Sierra de Flores Mag\u00f3n, antes conocida como la Ca\u00f1ada.<\/p>\n","protected":false},"excerpt":{"rendered":"<p>Raymundo Morales\/Zona Roja. Oaxaca de Ju\u00e1rez, Oax., a 15 de marzo de 2024.- Mientras el&hellip;<\/p>\n","protected":false},"author":2,"featured_media":66268,"comment_status":"closed","ping_status":"open","sticky":false,"template":"","format":"standard","meta":{"_lmt_disableupdate":"","_lmt_disable":"","_jetpack_memberships_contains_paid_content":false,"footnotes":""},"categories":[109,47],"tags":[1806],"class_list":["post-66264","post","type-post","status-publish","format-standard","has-post-thumbnail","hentry","category-minuto-a-minuto","category-zona-gris","tag-teotitlan-de-flores-magon"],"jetpack_featured_media_url":"https:\/\/zonaroja.com.mx\/wp-content\/uploads\/2024\/03\/Enfrentamiento-transportistas-MULT-y-MOID.jpg","jetpack_sharing_enabled":true,"_links":{"self":[{"href":"https:\/\/zonaroja.com.mx\/index.php?rest_route=\/wp\/v2\/posts\/66264","targetHints":{"allow":["GET"]}}],"collection":[{"href":"https:\/\/zonaroja.com.mx\/index.php?rest_route=\/wp\/v2\/posts"}],"about":[{"href":"https:\/\/zonaroja.com.mx\/index.php?rest_route=\/wp\/v2\/types\/post"}],"author":[{"embeddable":true,"href":"https:\/\/zonaroja.com.mx\/index.php?rest_route=\/wp\/v2\/users\/2"}],"replies":[{"embeddable":true,"href":"https:\/\/zonaroja.com.mx\/index.php?rest_route=%2Fwp%2Fv2%2Fcomments&post=66264"}],"version-history":[{"count":1,"href":"https:\/\/zonaroja.com.mx\/index.php?rest_route=\/wp\/v2\/posts\/66264\/revisions"}],"predecessor-version":[{"id":66269,"href":"https:\/\/zonaroja.com.mx\/index.php?rest_route=\/wp\/v2\/posts\/66264\/revisions\/66269"}],"wp:featuredmedia":[{"embeddable":true,"href":"https:\/\/zonaroja.com.mx\/index.php?rest_route=\/wp\/v2\/media\/66268"}],"wp:attachment":[{"href":"https:\/\/zonaroja.com.mx\/index.php?rest_route=%2Fwp%2Fv2%2Fmedia&parent=66264"}],"wp:term":[{"taxonomy":"category","embeddable":true,"href":"https:\/\/zonaroja.com.mx\/index.php?rest_route=%2Fwp%2Fv2%2Fcategories&post=66264"},{"taxonomy":"post_tag","embeddable":true,"href":"https:\/\/zonaroja.com.mx\/index.php?rest_route=%2Fwp%2Fv2%2Ftags&post=66264"}],"curies":[{"name":"wp","href":"https:\/\/api.w.org\/{rel}","templated":true}]}}