{"id":66270,"date":"2024-03-15T11:30:00","date_gmt":"2024-03-15T17:30:00","guid":{"rendered":"http:\/\/www.zonaroja.com.mx\/?p=66270"},"modified":"2024-03-15T07:45:01","modified_gmt":"2024-03-15T13:45:01","slug":"realiza-poder-legislativo-sexto-congreso-de-la-mujer-oaxaquena","status":"publish","type":"post","link":"https:\/\/zonaroja.com.mx\/?p=66270","title":{"rendered":"Realiza Poder Legislativo Sexto Congreso de la Mujer Oaxaque\u00f1a"},"content":{"rendered":"\n<p>Redacci\u00f3n\/Zona Roja.&nbsp;<\/p>\n\n\n\n<p>Oaxaca de Ju\u00e1rez, Oax., a 15 de marzo de 2024.- En cumplimiento al decreto 545, aprobado en el a\u00f1o 2019, este jueves se realiz\u00f3 la sesi\u00f3n del sexto \u201cCongreso de la Mujer Oaxaque\u00f1a\u201d, en el recinto del Poder Legislativo de Oaxaca, con motivo de la conmemoraci\u00f3n del D\u00eda Internacional de la Mujer.<\/p>\n\n\n\n<p>Participaron 40 j\u00f3venes estudiantes del nivel superior, quienes durante la sesi\u00f3n de este Congreso, presentaron diversas iniciativas para abonar a la igualdad de g\u00e9nero y el empoderamiento femenino.<\/p>\n\n\n\n<p>Previo a la elecci\u00f3n de la Mesa Directiva del Congreso de la Mujer, la sesi\u00f3n fue dirigida por integrantes de la Comisi\u00f3n Permanente de Mujeres e Igualdad de G\u00e9nero de la LXV Legislatura local, y por la Presidencia de la Junta de Coordinaci\u00f3n Pol\u00edtica (Jucopo).<\/p>\n\n\n\n<p>En su intervenci\u00f3n, la presidenta de la comisi\u00f3n legislativa, Mar\u00eda Luisa Matus Fuentes, dio la bienvenida a las participantes, a quienes dijo, tienen la responsabilidad de contribuir para lograr una vida libre de violencia, as\u00ed como la igualdad jur\u00eddica.<\/p>\n\n\n\n<p>\u00abPor primera vez, este Congreso de mujeres, es de las juventudes, que se escuche desde esta m\u00e1xima tribuna del estado a las mujeres j\u00f3venes, ind\u00edgenas y afromexicanas. Escuchemos las propuestas que tienen en pol\u00edticas p\u00fablicas, en desarrollo social, en desarrollo econ\u00f3mico, porque si no nos empoderamos, si no hay igualdad de oportunidades, no vamos a poder transitar a ese mundo igualitario al que aspiramos\u00bb, manifest\u00f3.<\/p>\n\n\n\n<p>FUTURO IGUALITARIO<\/p>\n\n\n\n<p>Por su parte, el presidente de la Junta de Coordinaci\u00f3n Pol\u00edtica (JUCOPO), Sergio L\u00f3pez S\u00e1nchez, coment\u00f3 la importancia de realizar estas actividades en el Poder Legislativo, ya que, con ellas, se generan acciones en defensa de los derechos de las mujeres, se promueve la igualdad sustantiva entre hombres y mujeres, y se divulga informaci\u00f3n encaminada a erradicar todo tipo de violencia en Oaxaca.<\/p>\n\n\n\n<p>\u00abEn este espacio, las mujeres no s\u00f3lo son participantes, sino constructoras de un futuro m\u00e1s igualitario, siendo nuestro compromiso el de trabajar junto a ustedes para abonar a la igualdad de g\u00e9nero y el empoderamiento de todas\u00bb, coment\u00f3.<\/p>\n\n\n\n<p>Luego de ello, las participantes eligieron a su Mesa Directiva, la cual qued\u00f3 conformada por Karla Z\u00e1rate Cruz como presidenta; Mar\u00eda In\u00e9s Luis Reyes, vicepresidenta; y como secretarias Sheily Dennise Tominez Raymundo, Diana Gesset Barrera Mendoza y Abril Merari Acevedo Hern\u00e1ndez.<\/p>\n\n\n\n<p>En tanto, el Pleno lo integraron Alondra Alexandra Mart\u00ednez P\u00e9rez, Ana Karen S\u00e1nchez Moreno, Berenice Jim\u00e9nez Jim\u00e9nez, Bianca Mendoza Manzano, Camila Alani Cruz D\u00edaz, Casandra Amel\u00ed Carbajal D\u00edaz, Catalina G\u00f3mez Peralta, Dalila Zavaleta Cruz, Daysi Vicente Guti\u00e9rrez, Diana Karen Miguel Osorio, Jania Irene Melchor V\u00e1zquez, Dulce Bel\u00e9n Florean P\u00e9rez.<\/p>\n\n\n\n<p>\u00c9rika Noem\u00ed Mendoza Ruiz, Estefani Lara Juan, Flor Vianny Hern\u00e1ndez Arango, Gabriela Ita\u00ed de Paz Melchor, Itzel Jarqu\u00edn Fuentes, Jael Litzy M\u00e9ndez Pel\u00e1ez, Jodi Jaqueline Mart\u00ednez Bautista, Karla Ver\u00f3nica Gallegos Toledo, Kasandra Estephania Carriedo Acevedo, Kelly Valeria L\u00f3pez Garc\u00eda, Laila Paola Salgado Jim\u00e9nez, Luna Tajeew Ortiz Serna, Luz Elena L\u00f3pez Aquino.<\/p>\n\n\n\n<p>Mar\u00eda Bel\u00e9n Bravo Villareal, Mar\u00eda Isabel Robles P\u00e9rez, Maricarmen Bornios Pel\u00e1ez, Miriam Araceli Almaraz Cort\u00e9s, Roc\u00edo Andrea Aguilar L\u00f3pez, Paola Lizbeth Leyva Ib\u00e1\u00f1ez, Paulina Lizeth Leyva Ib\u00e1\u00f1ez, Teresa de Jes\u00fas Garc\u00eda L\u00f3pez, Vania D\u00edaz Hern\u00e1ndez, Wendy Anel Mart\u00ednez Reyes, Juliana Margarita L\u00f3pez Rodr\u00edguez y Zeret Flor Ventura Maldonado.<\/p>\n\n\n\n<p>Durante la sesi\u00f3n de este Congreso, se presentaron 28 iniciativas en materia de igualdad de g\u00e9nero, procuraci\u00f3n de justicia, salud, seguridad e interculturalidad, principalmente.<\/p>\n\n\n\n<p>A este Congreso, asisti\u00f3 como invitada la magistrada del Tribunal Superior de Justicia de Oaxaca, Flor de Mar\u00eda Arellanes Luna.<\/p>\n\n\n\n<p>La realizaci\u00f3n de este Congreso de la Mujer Oaxaque\u00f1a fue instituido por la entonces Sexag\u00e9sima Cuarta Legislatura Constitucional del Congreso de Oaxaca, mediante el decreto n\u00famero 545, aprobado el 19 de febrero de 2019. &nbsp;&nbsp;<\/p>\n\n\n\n<p>CERTAMEN DE ORATORIA&nbsp;<\/p>\n\n\n\n<p>Por otra parte, con la participaci\u00f3n de 119 ni\u00f1as, ni\u00f1os, adolescentes y j\u00f3venes, inici\u00f3 este jueves la etapa estatal de la edici\u00f3n XXII del Certamen Nacional de Oratoria \u201cLic. Benito Ju\u00e1rez Garc\u00eda\u201d, en la sede del Congreso de Oaxaca.<\/p>\n\n\n\n<p>Durante la inauguraci\u00f3n de este concurso organizado por la Comisi\u00f3n Permanente de Educaci\u00f3n, Ciencia, Tecnolog\u00eda e Innovaci\u00f3n, de la LXV Legislatura local, el presidente de la Junta de Coordinaci\u00f3n Pol\u00edtica (Jucopo), Sergio L\u00f3pez S\u00e1nchez, dese\u00f3 \u00e9xito a las y los participantes, al igual que resalt\u00f3 sobre el arte de la oratoria.<\/p>\n\n\n\n<p>\u201cEn este mundo lleno de ruido y distracciones, la habilidad de expresarnos de manera clara y persuasiva es m\u00e1s importante que nunca, la oratoria no solo implica la capacidad de hablar en p\u00fablico de manera elocuente, sino que tambi\u00e9n es un medio para expresar ideas, inspirar acci\u00f3n y provocar cambio\u201d, expres\u00f3.<\/p>\n\n\n\n<p>Por su parte, la presidenta de la Comisi\u00f3n Permanente de Educaci\u00f3n, Juana Aguilar Espinoza, abord\u00f3 la importancia de este certamen a nivel nacional que ha realizado el Congreso de Oaxaca durante 22 a\u00f1os, y agradeci\u00f3 el inter\u00e9s y disposici\u00f3n de las y los participantes quienes vienen de las regiones del estado.<\/p>\n\n\n\n<p>De igual manera, agradeci\u00f3 a las y los integrantes del jurado quienes son de Oaxaca de Ju\u00e1rez, Zaachila, Juchit\u00e1n de Zaragoza, Uni\u00f3n Hidalgo, as\u00ed como de la Ciudad de M\u00e9xico y de los estados de Quer\u00e9taro, Tlaxcala y Zacatecas.<\/p>\n\n\n\n<p>Este concurso de oratoria se realiza desde hace 22 a\u00f1os debido al decreto n\u00famero 296 aprobado por la Quincuag\u00e9sima S\u00e9ptima Legislatura del Congreso de Oaxaca.<\/p>\n\n\n\n<p>En la edici\u00f3n de este a\u00f1o 2024, participan 29 ni\u00f1as y ni\u00f1os de ocho a 11 a\u00f1os de edad, en la categor\u00eda A; 36 adolescentes de entre 12 y 15 a\u00f1os en la categor\u00eda B; as\u00ed como 26 participantes de 16 a 18 a\u00f1os, en la categor\u00eda C; y 28 j\u00f3venes de entre 19 a 29 a\u00f1os de edad en la categor\u00eda D.<\/p>\n","protected":false},"excerpt":{"rendered":"<p>Redacci\u00f3n\/Zona Roja.&nbsp; Oaxaca de Ju\u00e1rez, Oax., a 15 de marzo de 2024.- En cumplimiento al&hellip;<\/p>\n","protected":false},"author":2,"featured_media":66266,"comment_status":"closed","ping_status":"open","sticky":false,"template":"","format":"standard","meta":{"_lmt_disableupdate":"","_lmt_disable":"","_jetpack_memberships_contains_paid_content":false,"footnotes":""},"categories":[109,46],"tags":[2743],"class_list":["post-66270","post","type-post","status-publish","format-standard","has-post-thumbnail","hentry","category-minuto-a-minuto","category-zona-blanca","tag-65-legislatura-del-estado-de-oaxaca"],"jetpack_featured_media_url":"https:\/\/zonaroja.com.mx\/wp-content\/uploads\/2024\/03\/Sesion-Congreso-mujeres.jpeg","jetpack_sharing_enabled":true,"_links":{"self":[{"href":"https:\/\/zonaroja.com.mx\/index.php?rest_route=\/wp\/v2\/posts\/66270","targetHints":{"allow":["GET"]}}],"collection":[{"href":"https:\/\/zonaroja.com.mx\/index.php?rest_route=\/wp\/v2\/posts"}],"about":[{"href":"https:\/\/zonaroja.com.mx\/index.php?rest_route=\/wp\/v2\/types\/post"}],"author":[{"embeddable":true,"href":"https:\/\/zonaroja.com.mx\/index.php?rest_route=\/wp\/v2\/users\/2"}],"replies":[{"embeddable":true,"href":"https:\/\/zonaroja.com.mx\/index.php?rest_route=%2Fwp%2Fv2%2Fcomments&post=66270"}],"version-history":[{"count":1,"href":"https:\/\/zonaroja.com.mx\/index.php?rest_route=\/wp\/v2\/posts\/66270\/revisions"}],"predecessor-version":[{"id":66271,"href":"https:\/\/zonaroja.com.mx\/index.php?rest_route=\/wp\/v2\/posts\/66270\/revisions\/66271"}],"wp:featuredmedia":[{"embeddable":true,"href":"https:\/\/zonaroja.com.mx\/index.php?rest_route=\/wp\/v2\/media\/66266"}],"wp:attachment":[{"href":"https:\/\/zonaroja.com.mx\/index.php?rest_route=%2Fwp%2Fv2%2Fmedia&parent=66270"}],"wp:term":[{"taxonomy":"category","embeddable":true,"href":"https:\/\/zonaroja.com.mx\/index.php?rest_route=%2Fwp%2Fv2%2Fcategories&post=66270"},{"taxonomy":"post_tag","embeddable":true,"href":"https:\/\/zonaroja.com.mx\/index.php?rest_route=%2Fwp%2Fv2%2Ftags&post=66270"}],"curies":[{"name":"wp","href":"https:\/\/api.w.org\/{rel}","templated":true}]}}