{"id":66272,"date":"2024-03-15T13:30:00","date_gmt":"2024-03-15T19:30:00","guid":{"rendered":"http:\/\/www.zonaroja.com.mx\/?p=66272"},"modified":"2024-03-15T07:47:51","modified_gmt":"2024-03-15T13:47:51","slug":"detiene-fiscalia-a-individuo-que-robo-en-centro-comercial-de-xoxocotlan","status":"publish","type":"post","link":"https:\/\/zonaroja.com.mx\/?p=66272","title":{"rendered":"Detiene Fiscal\u00eda a individuo que rob\u00f3 en centro comercial de Xoxocotl\u00e1n"},"content":{"rendered":"\n<p>Redacci\u00f3n\/Zona Roja.<\/p>\n\n\n\n<p>Oaxaca de Ju\u00e1rez, Oax., a 15 de marzo de 2024.- La Fiscal\u00eda General del Estado de Oaxaca (FGEO) logr\u00f3 aprehender a una persona del sexo masculino identificada como L.A.G.V., probable responsable del delito de Robo Calificado en perjuicio patrimonial de una tienda comercial, cometido en el municipio de Santa Cruz Xoxocotl\u00e1n.<\/p>\n\n\n\n<p>De acuerdo con la causa penal, los hechos ocurrieron en la empresa Productos de Consumo Z. S.A. de C.V. V\u00edveres y Licores S.A. de C.V, ubicada Avenida S\u00edmbolos Patrios, en la colonia Ex Hacienda Candiani, jurisdicci\u00f3n de Santa Cruz Xoxocotl\u00e1n, cuando se detect\u00f3 que trabajadores de la tienda antes citada, estaban organizados para sustraer productos de las bodegas de manera il\u00edcita, apoder\u00e1ndose de la mercanc\u00eda en perjuicio patrimonial de la empresa.<\/p>\n\n\n\n<p>Gracias a las investigaciones encabezadas por la Vicefiscalia General de Control Regional, se obtuvo la orden de aprehensi\u00f3n que libr\u00f3 el Juez, por lo que elementos de la Agencia Estatal de Investigaciones (AEI) ejecutaron el mandato legal y detuvieron a L.A.G.V.<\/p>\n\n\n\n<p>El detenido fue presentado ante la autoridad judicial que lo requiri\u00f3, quien determinar\u00e1 su situaci\u00f3n jur\u00eddica en las pr\u00f3ximas horas.<\/p>\n\n\n\n<p>La Fiscal\u00eda General refrenda su compromiso de presentar ante la justicia a quien o quienes cometan delitos en perjuicio de la sociedad.<\/p>\n","protected":false},"excerpt":{"rendered":"<p>Redacci\u00f3n\/Zona Roja. Oaxaca de Ju\u00e1rez, Oax., a 15 de marzo de 2024.- La Fiscal\u00eda General&hellip;<\/p>\n","protected":false},"author":2,"featured_media":48872,"comment_status":"closed","ping_status":"open","sticky":false,"template":"","format":"standard","meta":{"_lmt_disableupdate":"","_lmt_disable":"","_jetpack_memberships_contains_paid_content":false,"footnotes":""},"categories":[109,46],"tags":[494],"class_list":["post-66272","post","type-post","status-publish","format-standard","has-post-thumbnail","hentry","category-minuto-a-minuto","category-zona-blanca","tag-fiscalia-general-del-estado-de-oaxaca"],"jetpack_featured_media_url":"https:\/\/zonaroja.com.mx\/wp-content\/uploads\/2022\/12\/Detenido-detencion-aprehension.jpg","jetpack_sharing_enabled":true,"_links":{"self":[{"href":"https:\/\/zonaroja.com.mx\/index.php?rest_route=\/wp\/v2\/posts\/66272","targetHints":{"allow":["GET"]}}],"collection":[{"href":"https:\/\/zonaroja.com.mx\/index.php?rest_route=\/wp\/v2\/posts"}],"about":[{"href":"https:\/\/zonaroja.com.mx\/index.php?rest_route=\/wp\/v2\/types\/post"}],"author":[{"embeddable":true,"href":"https:\/\/zonaroja.com.mx\/index.php?rest_route=\/wp\/v2\/users\/2"}],"replies":[{"embeddable":true,"href":"https:\/\/zonaroja.com.mx\/index.php?rest_route=%2Fwp%2Fv2%2Fcomments&post=66272"}],"version-history":[{"count":1,"href":"https:\/\/zonaroja.com.mx\/index.php?rest_route=\/wp\/v2\/posts\/66272\/revisions"}],"predecessor-version":[{"id":66273,"href":"https:\/\/zonaroja.com.mx\/index.php?rest_route=\/wp\/v2\/posts\/66272\/revisions\/66273"}],"wp:featuredmedia":[{"embeddable":true,"href":"https:\/\/zonaroja.com.mx\/index.php?rest_route=\/wp\/v2\/media\/48872"}],"wp:attachment":[{"href":"https:\/\/zonaroja.com.mx\/index.php?rest_route=%2Fwp%2Fv2%2Fmedia&parent=66272"}],"wp:term":[{"taxonomy":"category","embeddable":true,"href":"https:\/\/zonaroja.com.mx\/index.php?rest_route=%2Fwp%2Fv2%2Fcategories&post=66272"},{"taxonomy":"post_tag","embeddable":true,"href":"https:\/\/zonaroja.com.mx\/index.php?rest_route=%2Fwp%2Fv2%2Ftags&post=66272"}],"curies":[{"name":"wp","href":"https:\/\/api.w.org\/{rel}","templated":true}]}}