{"id":66274,"date":"2024-03-15T10:30:00","date_gmt":"2024-03-15T16:30:00","guid":{"rendered":"http:\/\/www.zonaroja.com.mx\/?p=66274"},"modified":"2024-03-15T11:38:37","modified_gmt":"2024-03-15T17:38:37","slug":"ambulantes-priistas-insisten-en-quedarse-en-el-centro-historico-de-oaxaca","status":"publish","type":"post","link":"https:\/\/zonaroja.com.mx\/?p=66274","title":{"rendered":"Ambulantes priistas insisten en quedarse en el Centro Hist\u00f3rico de Oaxaca"},"content":{"rendered":"\n<p>Raymundo Morales\/Zona Roja.<\/p>\n\n\n\n<p>Oaxaca de Ju\u00e1rez, Oax., a 15 de marzo de 2024.- Vendedores ambulantes identificados con el PRI y liderados por Carmen Luj\u00e1n, protestaron ayer en el Palacio Municipal de Oaxaca de Ju\u00e1rez, por el retiro de comerciantes informales del Centro Hist\u00f3rico.<\/p>\n\n\n\n<p>Seg\u00fan reconocieron, se trata de vendedores que pululan en el z\u00f3calo, Alameda de Le\u00f3n y Andador Tur\u00edstico, a quienes los inspectores les impiden expender; no obstante, no cuentan con permisos para vender e instalar puestos.<\/p>\n\n\n\n<p>Adem\u00e1s, demandaron la renuncia de funcionarios municipales, entre ellos Bibiana Garc\u00eda. Tras ello, fueron atendidos por una mesa de di\u00e1logo, en tanto que las sesiones solemne y ordinaria del Cabildo se desarrollaron sin interrupciones.<\/p>\n\n\n\n<p>Tras ello, el presidente municipal de Oaxaca de Ju\u00e1rez, Francisco Mart\u00ednez Neri, rechaz\u00f3 que haya acuerdos para tolerar a los ambulantes en el centro de la capital.<\/p>\n\n\n\n<p>\u201cYo tengo que atender los reclamos sociales, en el sentido de que no se est\u00e1 instale m\u00e1s comercio; obviamente quienes practican esta actividad quieren m\u00e1s espacios.<\/p>\n\n\n\n<p>\u201cEntonces est\u00e1n en juego dos intereses, por un lado est\u00e1 el inter\u00e9s de la sociedad, que quiere ver su ciudad de otra manera, y quienes tienen una necesidad econ\u00f3mica; tenemos que tratar con mucho cuidado este tema\u201d, dijo en entrevista colectiva.<\/p>\n\n\n\n<p>-Pero hay presi\u00f3n de l\u00edderes, se\u00f1or.<\/p>\n\n\n\n<p>-S\u00ed, seguramente ustedes han visto.<\/p>\n\n\n\n<p>-Pero dice que est\u00e1n pidiendo que se respeten acuerdos verbales.<\/p>\n\n\n\n<p>-No hay acuerdos verbales, no hay acuerdos escritos (con ellos), hay padrones.<\/p>\n\n\n\n<p>El edil respondi\u00f3 tambi\u00e9n a la queja de los trabajadores y representantes del Fondo de Pensiones, y acept\u00f3 que hay un boquete superior a los 60 millones de pesos para el municipio.<\/p>\n\n\n\n<p>Rechaz\u00f3 la propuesta de vender algunos bienes del municipio, que no resolver\u00eda la situaci\u00f3n, sino lo que se quiere es modificar la ley, elevar las participaciones, elevar la edad de pensi\u00f3n y\/o jubilaci\u00f3n; \u201cel problema no se va a resolver vendiendo inmuebles\u201d, expuso.<\/p>\n","protected":false},"excerpt":{"rendered":"<p>Raymundo Morales\/Zona Roja. Oaxaca de Ju\u00e1rez, Oax., a 15 de marzo de 2024.- Vendedores ambulantes&hellip;<\/p>\n","protected":false},"author":2,"featured_media":66267,"comment_status":"closed","ping_status":"open","sticky":false,"template":"","format":"standard","meta":{"_lmt_disableupdate":"","_lmt_disable":"","_jetpack_memberships_contains_paid_content":false,"footnotes":""},"categories":[109,46],"tags":[2418],"class_list":["post-66274","post","type-post","status-publish","format-standard","has-post-thumbnail","hentry","category-minuto-a-minuto","category-zona-blanca","tag-francisco-martinez-neri"],"jetpack_featured_media_url":"https:\/\/zonaroja.com.mx\/wp-content\/uploads\/2024\/03\/Ambulantes-Carmen-Lujan.jpg","jetpack_sharing_enabled":true,"_links":{"self":[{"href":"https:\/\/zonaroja.com.mx\/index.php?rest_route=\/wp\/v2\/posts\/66274","targetHints":{"allow":["GET"]}}],"collection":[{"href":"https:\/\/zonaroja.com.mx\/index.php?rest_route=\/wp\/v2\/posts"}],"about":[{"href":"https:\/\/zonaroja.com.mx\/index.php?rest_route=\/wp\/v2\/types\/post"}],"author":[{"embeddable":true,"href":"https:\/\/zonaroja.com.mx\/index.php?rest_route=\/wp\/v2\/users\/2"}],"replies":[{"embeddable":true,"href":"https:\/\/zonaroja.com.mx\/index.php?rest_route=%2Fwp%2Fv2%2Fcomments&post=66274"}],"version-history":[{"count":2,"href":"https:\/\/zonaroja.com.mx\/index.php?rest_route=\/wp\/v2\/posts\/66274\/revisions"}],"predecessor-version":[{"id":66279,"href":"https:\/\/zonaroja.com.mx\/index.php?rest_route=\/wp\/v2\/posts\/66274\/revisions\/66279"}],"wp:featuredmedia":[{"embeddable":true,"href":"https:\/\/zonaroja.com.mx\/index.php?rest_route=\/wp\/v2\/media\/66267"}],"wp:attachment":[{"href":"https:\/\/zonaroja.com.mx\/index.php?rest_route=%2Fwp%2Fv2%2Fmedia&parent=66274"}],"wp:term":[{"taxonomy":"category","embeddable":true,"href":"https:\/\/zonaroja.com.mx\/index.php?rest_route=%2Fwp%2Fv2%2Fcategories&post=66274"},{"taxonomy":"post_tag","embeddable":true,"href":"https:\/\/zonaroja.com.mx\/index.php?rest_route=%2Fwp%2Fv2%2Ftags&post=66274"}],"curies":[{"name":"wp","href":"https:\/\/api.w.org\/{rel}","templated":true}]}}