{"id":66276,"date":"2024-03-15T12:08:00","date_gmt":"2024-03-15T18:08:00","guid":{"rendered":"http:\/\/www.zonaroja.com.mx\/?p=66276"},"modified":"2024-03-15T08:13:01","modified_gmt":"2024-03-15T14:13:01","slug":"tras-renuncias-hay-controversias-en-gobierno-de-guerrero","status":"publish","type":"post","link":"https:\/\/zonaroja.com.mx\/?p=66276","title":{"rendered":"Tras renuncias, hay controversias en gobierno de Guerrero"},"content":{"rendered":"\n<p>Redacci\u00f3n\/Zona Roja Cdmx.<\/p>\n\n\n\n<p>Ciudad de M\u00e9xico, a 15 de marzo de 2024.- Luego de que la titular de la Fiscal\u00eda de Guerrero, Sandra Luz Valdovinos Salmer\u00f3n, se\u00f1al\u00f3 que agotar\u00eda todos los recursos para defender la remoci\u00f3n de su cargo, el gobierno estatal inform\u00f3 en un comunicado que con fundamento en el art\u00edculo 142 de su Constituci\u00f3n&nbsp;la gobernadora de Guerrero, Evelyn Salgado, determin\u00f3 su remoci\u00f3n inmediata.<\/p>\n\n\n\n<p>Este art\u00edculo se\u00f1ala que el fiscal general podr\u00e1 ser removido por el gobernador de la entidad por las causas graves previstas en la constituci\u00f3n local y en la Ley de Responsabilidades de los Servidores P\u00fablicos del Estado.&nbsp;<\/p>\n\n\n\n<p>As\u00ed como que la remoci\u00f3n podr\u00e1 ser objetada por el voto de las dos terceras partes del total de los miembros del Congreso del Estado dentro de un plazo de diez h\u00e1biles, en cuyo caso el fiscal general ser\u00e1 restituido en el ejercicio de sus funciones. Si el Congreso del Estado no se pronuncia al respecto, se entender\u00e1 que no existe objeci\u00f3n.&nbsp;<\/p>\n\n\n\n<p>En el comunicado tambi\u00e9n se estableci\u00f3 que en este contexto y a la espera del proceso que conlleva la designaci\u00f3n de una nueva persona titular de la Fiscal\u00eda General Estatal (FGE) por parte del Congreso local, corresponde al vicefiscal atender lo dispuesto en el art\u00edculo 144 del Reglamento de la Ley Org\u00e1nica de la FGE para los efectos legales y administrativos que haya.&nbsp;<\/p>\n\n\n\n<p>Renuncias previas<\/p>\n\n\n\n<p>Horas antes, la gobernadora Salgado acept\u00f3 las renuncias del secretario general de Gobierno de Guerrero, Ludwig Marcial Reynoso N\u00fa\u00f1ez, y del secretario de Seguridad P\u00fablica estatal, Rolando Solano Rivera, a una semana del asesinato del normalista Yanqui Kothan G\u00f3mez Peralta.<\/p>\n\n\n\n<p>Asimismo, la titular del poder Ejecutivo estatal hab\u00eda solicitado la remoci\u00f3n de la fiscal estatal. Luego del mensaje de la gobernadora, la maestra Sandra Luz Valdovinos Salmer\u00f3n emiti\u00f3 un comunicado donde se\u00f1al\u00f3 \u201crespetuosamente\u201d que para la remoci\u00f3n de su cargo se deber\u00e1n agotar los procedimientos constitucionales.<\/p>\n\n\n\n<p>\u201cEn atenci\u00f3n a la comunicaci\u00f3n realizada este d\u00eda por la Gobernadora del Estado de Guerrero, Mtra. Evelyn Cecia Salgado Pineda, la suscrita fiscal general del Estado es respetuosa de lo dicho por la mandataria estatal; sin embargo, no debe pasar desapercibido que para m\u00ed remoci\u00f3n del cargo, se deber\u00e1n agotar los procedimientos constitucionales y legales que para tal efecto se han establecido, los cuales me permiten ejercer la garant\u00eda de audiencia y debida defensa\u201d.<\/p>\n\n\n\n<p>Asimismo, informo que har\u00eda valer su derecho de audiencia ante el Congreso del Estado \u201cpara transparentar las acciones que esta Fiscal\u00eda General realiz\u00f3\u201d por los lamentables hechos que derivaron en la muerte de Yanqui &#8216;N&#8217;, il\u00edcito que se investig\u00f3 dentro de la carpeta iniciada de oficio el d\u00eda 8 de marzo de 2024, por el delito de homicidio calificado.<\/p>\n\n\n\n<p>(Informaci\u00f3n de N+ Noticias)<\/p>\n","protected":false},"excerpt":{"rendered":"<p>Redacci\u00f3n\/Zona Roja Cdmx. Ciudad de M\u00e9xico, a 15 de marzo de 2024.- Luego de que&hellip;<\/p>\n","protected":false},"author":2,"featured_media":66277,"comment_status":"closed","ping_status":"open","sticky":false,"template":"","format":"standard","meta":{"_lmt_disableupdate":"","_lmt_disable":"","_jetpack_memberships_contains_paid_content":false,"footnotes":""},"categories":[109,47],"tags":[80],"class_list":["post-66276","post","type-post","status-publish","format-standard","has-post-thumbnail","hentry","category-minuto-a-minuto","category-zona-gris","tag-guerrero"],"jetpack_featured_media_url":"https:\/\/zonaroja.com.mx\/wp-content\/uploads\/2024\/03\/Palacio-de-gobierno-de-Guerrero.jpeg","jetpack_sharing_enabled":true,"_links":{"self":[{"href":"https:\/\/zonaroja.com.mx\/index.php?rest_route=\/wp\/v2\/posts\/66276","targetHints":{"allow":["GET"]}}],"collection":[{"href":"https:\/\/zonaroja.com.mx\/index.php?rest_route=\/wp\/v2\/posts"}],"about":[{"href":"https:\/\/zonaroja.com.mx\/index.php?rest_route=\/wp\/v2\/types\/post"}],"author":[{"embeddable":true,"href":"https:\/\/zonaroja.com.mx\/index.php?rest_route=\/wp\/v2\/users\/2"}],"replies":[{"embeddable":true,"href":"https:\/\/zonaroja.com.mx\/index.php?rest_route=%2Fwp%2Fv2%2Fcomments&post=66276"}],"version-history":[{"count":1,"href":"https:\/\/zonaroja.com.mx\/index.php?rest_route=\/wp\/v2\/posts\/66276\/revisions"}],"predecessor-version":[{"id":66278,"href":"https:\/\/zonaroja.com.mx\/index.php?rest_route=\/wp\/v2\/posts\/66276\/revisions\/66278"}],"wp:featuredmedia":[{"embeddable":true,"href":"https:\/\/zonaroja.com.mx\/index.php?rest_route=\/wp\/v2\/media\/66277"}],"wp:attachment":[{"href":"https:\/\/zonaroja.com.mx\/index.php?rest_route=%2Fwp%2Fv2%2Fmedia&parent=66276"}],"wp:term":[{"taxonomy":"category","embeddable":true,"href":"https:\/\/zonaroja.com.mx\/index.php?rest_route=%2Fwp%2Fv2%2Fcategories&post=66276"},{"taxonomy":"post_tag","embeddable":true,"href":"https:\/\/zonaroja.com.mx\/index.php?rest_route=%2Fwp%2Fv2%2Ftags&post=66276"}],"curies":[{"name":"wp","href":"https:\/\/api.w.org\/{rel}","templated":true}]}}