{"id":66281,"date":"2024-03-15T12:58:27","date_gmt":"2024-03-15T18:58:27","guid":{"rendered":"http:\/\/www.zonaroja.com.mx\/?p=66281"},"modified":"2024-03-15T18:13:49","modified_gmt":"2024-03-16T00:13:49","slug":"denuncian-usurpacion-para-arrebatar-candidatura-a-personas-con-discapacidad","status":"publish","type":"post","link":"https:\/\/zonaroja.com.mx\/?p=66281","title":{"rendered":"Denuncian usurpaci\u00f3n para arrebatar candidatura a personas con discapacidad"},"content":{"rendered":"\n<p>Yuridiana Sosa\/Zona Roja.<\/p>\n\n\n\n<p>Oaxaca de Ju\u00e1rez, Oax., a 15 de marzo de 2024.- El abogado y deportisya con discapacidad, \u00c9dgar Cruz Luj\u00e1n, denunci\u00f3 que un partido pol\u00edtico pretende ocupar el lugar de una candidatura correspondiente &nbsp;a una personas con discapacidad, simulando dicha condici\u00f3n.<\/p>\n\n\n\n<p>Vigilante del respeto pol\u00edtico electoral para ser incluidos como candidatos, el representante de las personas con discapacidad adelant\u00f3 que una vez que se haga oficial la inscripci\u00f3n de dicha persona, proceder\u00e1n jur\u00eddicamente para su impugnaci\u00f3n.<\/p>\n\n\n\n<p>\u201cMe acabo de dar cuenta que un partido pol\u00edtico, nos quiere chamaquear. No hay nada oficial, porque a\u00fan no se han realizado las inscripciones correspondientes, pero seg\u00fan lista preliminar, alguien quiere usurpar el lugar que le corresponde a una persona con discapacidad\u201d, advirti\u00f3 Cruz Lujan.&nbsp;<\/p>\n\n\n\n<p>Pedro Edgardo Miranda Gij\u00f3n, artista pl\u00e1stico ciego, conden\u00f3 el acto, pues se\u00f1al\u00f3 que las personas con discapacidad han luchado desde hace varios a\u00f1os esos espacios.<\/p>\n\n\n\n<p>\u201cHemos luchado mucho para que los vividores empiecen a ocuparlos y recordar que deben ser reconocidos como parte de la comunidad de personas con discapacidad del estado de Oaxaca\u201d, se\u00f1al\u00f3.&nbsp;<\/p>\n\n\n\n<p>Tan s\u00f3lo en el actual proceso electoral, esta comunidad se ha enfrentado a diversas violaciones de sus derechos pol\u00edticos electorales.&nbsp;<\/p>\n\n\n\n<p>Recientemente, personas con discapacidad presentaron ante el IEEPCO un recurso de apelaci\u00f3n contra la impugnaci\u00f3n emitida por los partidos Movimiento Ciudadano y Fuerza por M\u00e9xico Oaxaca para impedir la postulaci\u00f3n de este grupo vulnerable como candidatos.<\/p>\n\n\n\n<p>Fue el caso de Pedro Edgardo Miranda Gij\u00f3n, y Dar\u00edo Cruz Santiago, como terceros interesados, en defensa de la participaci\u00f3n pol\u00edtica de las personas con discapacidad,&nbsp; ind\u00edgenas y afrodescendientes.<\/p>\n","protected":false},"excerpt":{"rendered":"<p>Yuridiana Sosa\/Zona Roja. Oaxaca de Ju\u00e1rez, Oax., a 15 de marzo de 2024.- El abogado&hellip;<\/p>\n","protected":false},"author":2,"featured_media":66287,"comment_status":"closed","ping_status":"open","sticky":false,"template":"","format":"standard","meta":{"_lmt_disableupdate":"","_lmt_disable":"","_jetpack_memberships_contains_paid_content":false,"footnotes":""},"categories":[109,47],"tags":[],"class_list":["post-66281","post","type-post","status-publish","format-standard","has-post-thumbnail","hentry","category-minuto-a-minuto","category-zona-gris"],"jetpack_featured_media_url":"https:\/\/zonaroja.com.mx\/wp-content\/uploads\/2024\/03\/Edgar-Lujan.jpg","jetpack_sharing_enabled":true,"_links":{"self":[{"href":"https:\/\/zonaroja.com.mx\/index.php?rest_route=\/wp\/v2\/posts\/66281","targetHints":{"allow":["GET"]}}],"collection":[{"href":"https:\/\/zonaroja.com.mx\/index.php?rest_route=\/wp\/v2\/posts"}],"about":[{"href":"https:\/\/zonaroja.com.mx\/index.php?rest_route=\/wp\/v2\/types\/post"}],"author":[{"embeddable":true,"href":"https:\/\/zonaroja.com.mx\/index.php?rest_route=\/wp\/v2\/users\/2"}],"replies":[{"embeddable":true,"href":"https:\/\/zonaroja.com.mx\/index.php?rest_route=%2Fwp%2Fv2%2Fcomments&post=66281"}],"version-history":[{"count":1,"href":"https:\/\/zonaroja.com.mx\/index.php?rest_route=\/wp\/v2\/posts\/66281\/revisions"}],"predecessor-version":[{"id":66282,"href":"https:\/\/zonaroja.com.mx\/index.php?rest_route=\/wp\/v2\/posts\/66281\/revisions\/66282"}],"wp:featuredmedia":[{"embeddable":true,"href":"https:\/\/zonaroja.com.mx\/index.php?rest_route=\/wp\/v2\/media\/66287"}],"wp:attachment":[{"href":"https:\/\/zonaroja.com.mx\/index.php?rest_route=%2Fwp%2Fv2%2Fmedia&parent=66281"}],"wp:term":[{"taxonomy":"category","embeddable":true,"href":"https:\/\/zonaroja.com.mx\/index.php?rest_route=%2Fwp%2Fv2%2Fcategories&post=66281"},{"taxonomy":"post_tag","embeddable":true,"href":"https:\/\/zonaroja.com.mx\/index.php?rest_route=%2Fwp%2Fv2%2Ftags&post=66281"}],"curies":[{"name":"wp","href":"https:\/\/api.w.org\/{rel}","templated":true}]}}