{"id":66283,"date":"2024-03-15T17:53:55","date_gmt":"2024-03-15T23:53:55","guid":{"rendered":"http:\/\/www.zonaroja.com.mx\/?p=66283"},"modified":"2024-03-15T17:53:57","modified_gmt":"2024-03-15T23:53:57","slug":"la-ley-monse-ya-es-una-realidad-en-oaxaca-mariana-benitez","status":"publish","type":"post","link":"https:\/\/zonaroja.com.mx\/?p=66283","title":{"rendered":"La \u201cLey Monse\u201d ya es una realidad en Oaxaca: Mariana Ben\u00edtez"},"content":{"rendered":"\n<p>Redacci\u00f3n\/Zona Roja.<\/p>\n\n\n\n<p>Oaxaca de Ju\u00e1rez, Oax., a 15 de marzo de 2024.- La diputada de Morena, Mariana Ben\u00edtez Tiburcio, celebr\u00f3 la aprobaci\u00f3n por unanimidad del dictamen de la Comisi\u00f3n Permanente de Administraci\u00f3n y Procuraci\u00f3n de Justicia para reformar el C\u00f3digo Penal y establecer la \u201cLey Monse\u201d, que condena a quienes evitan que los feminicidas puedan ser aprehendidos por las autoridades debido al ocultamiento o la ayuda que le prestan para evadirse de la acci\u00f3n de la justicia.<\/p>\n\n\n\n<p>\u201cCelebro que para este dictamen se hayan retomado elementos de mi iniciativa y de mis compa\u00f1eras y compa\u00f1eras legisladoras para eliminar las excusas absolutorias que exim\u00edan de responsabilidad a los encubridores de feminicidas, reformando el art\u00edculo 390 del C\u00f3digo Penal que prev\u00e9 el delito de encubrimiento, con esta reforma estamos enfrentando a un enemigo que se alimenta de la indolencia y la indiferencia\u201d, expres\u00f3.<\/p>\n\n\n\n<p>La congresista se\u00f1al\u00f3 que un importante impedimento para lograr el acceso efectivo a la justicia es la complicidad entre el feminicida y sus familiares o amistades, que evitan que puedan ser aprehendidos por las autoridades debido al ocultamiento o la ayuda que le prestan para evadirse de la acci\u00f3n de la justicia, lo cual se traduce en impunidad.<\/p>\n\n\n\n<p>La diputada Mariana Ben\u00edtez Tiburcio se\u00f1al\u00f3 que exigir responsabilidad a los encubridores es tan importante como juzgar a los propios feminicidas, porque mientras exista un refugio de silencio y complicidad, la batalla contra la violencia de g\u00e9nero seguir\u00e1 enfrentando obst\u00e1culos insuperables.<\/p>\n\n\n\n<p>\u201cCondenemos sin reservas a los encubridores de feminicidas, exijamos justicia para las v\u00edctimas y trabajemos juntas y juntos hacia una sociedad donde la violencia de g\u00e9nero sea relegada a los libros de historia como un sombr\u00edo recordatorio de un pasado del que nos liberamos\u201d, agreg\u00f3.<\/p>\n\n\n\n<p>TIPIFICAR ACECHO<\/p>\n\n\n\n<p>Por otra parte, la diputada local de Morena, Mariana Ben\u00edtez Tiburcio, present\u00f3 una iniciativa de reforma al C\u00f3digo Penal del Estado de Oaxaca para tipificar como delito el acecho y sancionar con una pena de 3 a 5 a\u00f1os, a quienes por cualquier medio y sin derecho amenacen la integridad o interfirieran significativamente en la vida de otra persona, afectando su salud o causando alg\u00fan da\u00f1o o perjuicio.<\/p>\n\n\n\n<p>Asimismo, la legisladora propuso sancionar de cinco a\u00f1os hasta ocho a\u00f1os con cuatro meses de prisi\u00f3n, cuando el acecho sea cometido por un servidor p\u00fablico vali\u00e9ndose del poder que le da su encargo, cometido contra personas menores de edad o en situaci\u00f3n de vulnerabilidad o se realice desobedeciendo una medida ordenada previamente para proteger a la v\u00edctima.<\/p>\n\n\n\n<p>En este contexto, la congresista reconoci\u00f3 la aportaci\u00f3n de la Asociaci\u00f3n Civil \u201cNosotras Para Ellas A.C.\u201d, para la elaboraci\u00f3n de esta iniciativa de reforma que contempla castigar el acecho como una amenaza directa a la libertad personal y colectiva, pues este fen\u00f3meno no distingue entre lo p\u00fablico y lo privado y se infiltra en la vida cotidiana, generando miedo, inseguridad y desconfianza.<\/p>\n\n\n\n<p>\u201cSe trata de actos que individualmente considerados parecen inofensivos, tales como una llamada telef\u00f3nica, que podr\u00eda parecer inocua, sin embargo, miles de llamadas no deseadas a lo largo de a\u00f1os, incluso cuando la persona objetivo cambia de n\u00famero telef\u00f3nico, son un comportamiento claramente amenazante\u201d, finaliz\u00f3.<\/p>\n","protected":false},"excerpt":{"rendered":"<p>Redacci\u00f3n\/Zona Roja. Oaxaca de Ju\u00e1rez, Oax., a 15 de marzo de 2024.- La diputada de&hellip;<\/p>\n","protected":false},"author":2,"featured_media":66265,"comment_status":"closed","ping_status":"open","sticky":false,"template":"","format":"standard","meta":{"_lmt_disableupdate":"","_lmt_disable":"","_jetpack_memberships_contains_paid_content":false,"footnotes":""},"categories":[109,46],"tags":[2969],"class_list":["post-66283","post","type-post","status-publish","format-standard","has-post-thumbnail","hentry","category-minuto-a-minuto","category-zona-blanca","tag-mariana-benitez-tiburcio"],"jetpack_featured_media_url":"https:\/\/zonaroja.com.mx\/wp-content\/uploads\/2024\/03\/Mariana-Benitez-.jpg","jetpack_sharing_enabled":true,"_links":{"self":[{"href":"https:\/\/zonaroja.com.mx\/index.php?rest_route=\/wp\/v2\/posts\/66283","targetHints":{"allow":["GET"]}}],"collection":[{"href":"https:\/\/zonaroja.com.mx\/index.php?rest_route=\/wp\/v2\/posts"}],"about":[{"href":"https:\/\/zonaroja.com.mx\/index.php?rest_route=\/wp\/v2\/types\/post"}],"author":[{"embeddable":true,"href":"https:\/\/zonaroja.com.mx\/index.php?rest_route=\/wp\/v2\/users\/2"}],"replies":[{"embeddable":true,"href":"https:\/\/zonaroja.com.mx\/index.php?rest_route=%2Fwp%2Fv2%2Fcomments&post=66283"}],"version-history":[{"count":1,"href":"https:\/\/zonaroja.com.mx\/index.php?rest_route=\/wp\/v2\/posts\/66283\/revisions"}],"predecessor-version":[{"id":66284,"href":"https:\/\/zonaroja.com.mx\/index.php?rest_route=\/wp\/v2\/posts\/66283\/revisions\/66284"}],"wp:featuredmedia":[{"embeddable":true,"href":"https:\/\/zonaroja.com.mx\/index.php?rest_route=\/wp\/v2\/media\/66265"}],"wp:attachment":[{"href":"https:\/\/zonaroja.com.mx\/index.php?rest_route=%2Fwp%2Fv2%2Fmedia&parent=66283"}],"wp:term":[{"taxonomy":"category","embeddable":true,"href":"https:\/\/zonaroja.com.mx\/index.php?rest_route=%2Fwp%2Fv2%2Fcategories&post=66283"},{"taxonomy":"post_tag","embeddable":true,"href":"https:\/\/zonaroja.com.mx\/index.php?rest_route=%2Fwp%2Fv2%2Ftags&post=66283"}],"curies":[{"name":"wp","href":"https:\/\/api.w.org\/{rel}","templated":true}]}}