{"id":6629,"date":"2019-12-13T08:46:11","date_gmt":"2019-12-13T14:46:11","guid":{"rendered":"http:\/\/www.zonaroja.com.mx\/?p=6629"},"modified":"2019-12-13T08:46:14","modified_gmt":"2019-12-13T14:46:14","slug":"diputadas-federales-piden-a-gobernador-de-oaxaca-indagar-caso-de-saxofonista","status":"publish","type":"post","link":"https:\/\/zonaroja.com.mx\/?p=6629","title":{"rendered":"Diputadas federales piden a gobernador de Oaxaca indagar caso de saxofonista"},"content":{"rendered":"\n<p>Redacci\u00f3n\/Zona Roja Cdmx.<\/p>\n\n\n\n<p>Ciudad de M\u00e9xico, 13 de diciembre de\n2019.- Diputadas Federales de la Comisi\u00f3n de Igualdad de G\u00e9nero hicieron un\nllamado en\u00e9rgico al gobernador de Oaxaca, Alejandro Murat Hinojosa, y al Fiscal\nGeneral de esa entidad, Rub\u00e9n Vasconcelos M\u00e9ndez, para que las agresi\u00f3n contra\nla saxofonista mixteca, Mar\u00eda Elena R\u00edos Ortiz, sea atendida con los protocolos\ncorrespondientes e investigado con perspectiva de g\u00e9nero.<\/p>\n\n\n\n<p>\u201cDe acuerdo con diversas declaraciones\nla joven y sus familiares est\u00e1n en una situaci\u00f3n de desesperaci\u00f3n porque las\nautoridades estatales no han atendido el caso de manera diligente, ya que la\nv\u00edctima declar\u00f3 ante la fiscal\u00eda qui\u00e9n fue su agresor, sin embargo, hasta donde\nse nos ha informado no se he llevado acabo su detenci\u00f3n\u201d, indic\u00f3 en rueda de\nprensa, Wendy Brice\u00f1o Zuloaga, presidenta de la Comisi\u00f3n.<\/p>\n\n\n\n<p>Record\u00f3 que el pasado 11 de septiembre,\nMar\u00eda Elena R\u00edos Ortiz, saxofonista de la regi\u00f3n mixteca de Oaxaca, fue atacada\ncon \u00e1cido por un hombre e internada en el Hospital Civil de la entidad. El caso\nvolvi\u00f3 a tener impacto el 10 de diciembre en las redes sociales porque sus\namistades y familiares solicitaron ayuda econ\u00f3mica para que fuera trasladada a\nun hospital privado o de especialidades.<\/p>\n\n\n\n<p>\u201cDesde aqu\u00ed vamos a estar d\u00e1ndole\nseguimiento puntual a todos los casos y para proteger en todo lo que podamos a\nMar\u00eda Elena y a su familia, que han sido v\u00edctimas de todo esto\u201d, expres\u00f3.<\/p>\n\n\n\n<p>Brice\u00f1o Zuloaga destac\u00f3 que los hechos\nreferidos encuadran como lesiones con diversas agravantes, por lo que queda\nclaro que s\u00ed hay delitos muy claros que perseguir<\/p>\n\n\n\n<p>Se\u00f1al\u00f3 que estos hechos ocurren en medio\nde una ola de violencia contra las mujeres en Oaxaca.<\/p>\n\n\n\n<p>INCREMENTO DE FEMINICIDIOS<\/p>\n\n\n\n<p>Refiri\u00f3 que, de acuerdo con las cifras\nde Consorcio Oaxaca, durante la administraci\u00f3n de Alejandro Murat, de diciembre\nde 2016 al 10 de diciembre de este a\u00f1o han sido asesinadas 373 mujeres, de las\ncuales hubo 158 feminicidios ocurrieron despu\u00e9s de la Alerta de G\u00e9nero<\/p>\n\n\n\n<p>Destac\u00f3 que el gobierno federal ha\ntomado acciones para atender a Mar\u00eda Elena, en particular en el tema de salud.<\/p>\n\n\n\n<p>La diputada precis\u00f3 que hay\nse\u00f1alamientos graves que implican a un ex diputado, por lo que \u201cse tiene que\nacabar la impunidad y se tiene que aplicar la ley\u201d<\/p>\n\n\n\n<p>A\u00f1adi\u00f3 que en el caso de Yusenia\nJaquel\u00edn G\u00f3mez Nucamendi, estudiante de la Universidad Pedag\u00f3gica Nacional\n(UPN), fue v\u00edctima de feminicidio en Chiapas, despu\u00e9s de comprometerse la noche\nanterior con su novio. El hecho ocurri\u00f3 en el municipio de Villacorso.<\/p>\n\n\n\n<p>\u201cHasta hace unas horas la Fiscal\u00eda\nGeneral de Chiapas detall\u00f3 en su portal que se desahogan todas las diligencias\nde acuerdo con el protocolo de actuaci\u00f3n para la investigaci\u00f3n del delito de\nfeminicidio en el marco de la Alerta de Violencia de G\u00e9nero en contra de las\nmujeres\u201d, agreg\u00f3.<\/p>\n\n\n\n<p>La diputada por Chiapas, Clementina\nMarta Dekker G\u00f3mez (PT), integrante de la Comisi\u00f3n, coment\u00f3 que ha estado en\ncomunicaci\u00f3n con el fiscal y la familia de G\u00f3mez Nucamendi para dar seguimiento\na la investigaci\u00f3n.<\/p>\n\n\n\n<p>Sobre los feminicidios en el Estado de\nM\u00e9xico, coment\u00f3 que el pasado martes, se dio a conocer que Jacqueline Alva y\nsus dos hijas Brenda Yared y Sof\u00eda Aidee, fueron asesinadas en el municipio de\nNaucalpan. \u201cDe acuerdo con la informaci\u00f3n divulgada en los medios, desde\noctubre se divorci\u00f3 de su ex esposo, Pedro Rivera, debido a que \u00e9l la\nviolentaba\u201d.<\/p>\n\n\n\n<p>ALARMANTES CASOS<\/p>\n\n\n\n<p>Asimismo, el caso de Sonia P\u00e9rez,\nprofesora de danza de la Universidad Aut\u00f3noma del Estado de M\u00e9xico (UAEM), fue\nasesinada el pasado lunes en el Teatro Universitario \u201cLos Jaguares\u201d, en Toluca.\nEdgar Rafael, pareja sentimental de la maestra, fue detenido e ingresado al\nCentro Penitenciario y de Reinserci\u00f3n Social de Santiaguito de Almoloya de\nJu\u00e1rez como probable responsable del delito de feminicidio.<\/p>\n\n\n\n<p>\u201cEstos dos casos dan cuenta de la grave\nsituaci\u00f3n de violencia feminicida que se contin\u00faa viviendo en el Estado de\nM\u00e9xico, no obstante que se han declarado dos alertas de g\u00e9nero, una desde el 31\nde julio de 2015, y otra a partir de septiembre de este a\u00f1o\u201d, apunt\u00f3.<\/p>\n\n\n\n<p>Brice\u00f1o Zuloaga dijo que en ambos casos\nse se\u00f1alan medidas de prevenci\u00f3n a la violencia de g\u00e9nero que deben llevar a\ncabo las autoridades municipales y estatales.<\/p>\n\n\n\n<p>\u201cHacemos un llamado al gobernador del\nEstado de M\u00e9xico, Alfredo del Mazo Maza, y a las autoridades de los municipios,\nque ya va a la mitad de su mandato sin acciones claras en este sentido, para\nque redoblen esfuerzos en la implementaci\u00f3n de medidas de prevenci\u00f3n de\nviolencia contra las mujeres\u201d, enfatiz\u00f3.<\/p>\n\n\n\n<p>Resalt\u00f3 que el pasado martes se aprob\u00f3\nen el Pleno de la C\u00e1mara de Diputados un dictamen para fortalecer el mecanismo\nde alertas de violencia de g\u00e9nero hacia las mujeres, el cual fue turnado al\nSenado de la Rep\u00fablica.<\/p>\n\n\n\n<p>\u201cPedimos que voten el dictamen como le\nfue enviado cuanto antes, ya que estas actualizaciones no pueden esperar m\u00e1s\u201d,\nconcluy\u00f3.<\/p>\n\n\n\n<p>A la conferencia de prensa asistieron\nlas diputadas, integrantes de la Comisi\u00f3n, Mar\u00eda Guadalupe Almaguer Pardo\n(PRD), Carmen Patricia Palma Olvera (Morena) y Sandra Paola Gonz\u00e1lez Casta\u00f1eda\n(Morena).<\/p>\n\n\n\n<p>(Con informaci\u00f3n de Notilegis)<\/p>\n","protected":false},"excerpt":{"rendered":"<p>Redacci\u00f3n\/Zona Roja Cdmx. Ciudad de M\u00e9xico, 13 de diciembre de 2019.- Diputadas Federales de la&hellip;<\/p>\n","protected":false},"author":2,"featured_media":6563,"comment_status":"closed","ping_status":"open","sticky":false,"template":"","format":"standard","meta":{"_lmt_disableupdate":"","_lmt_disable":"","_jetpack_memberships_contains_paid_content":false,"footnotes":""},"categories":[109,51],"tags":[1124],"class_list":["post-6629","post","type-post","status-publish","format-standard","has-post-thumbnail","hentry","category-minuto-a-minuto","category-zona-roja","tag-maria-elena-rios-ortiz"],"jetpack_featured_media_url":"https:\/\/zonaroja.com.mx\/wp-content\/uploads\/2019\/12\/Mar\u00eda-Elena-R\u00edos.jpg","jetpack_sharing_enabled":true,"_links":{"self":[{"href":"https:\/\/zonaroja.com.mx\/index.php?rest_route=\/wp\/v2\/posts\/6629","targetHints":{"allow":["GET"]}}],"collection":[{"href":"https:\/\/zonaroja.com.mx\/index.php?rest_route=\/wp\/v2\/posts"}],"about":[{"href":"https:\/\/zonaroja.com.mx\/index.php?rest_route=\/wp\/v2\/types\/post"}],"author":[{"embeddable":true,"href":"https:\/\/zonaroja.com.mx\/index.php?rest_route=\/wp\/v2\/users\/2"}],"replies":[{"embeddable":true,"href":"https:\/\/zonaroja.com.mx\/index.php?rest_route=%2Fwp%2Fv2%2Fcomments&post=6629"}],"version-history":[{"count":1,"href":"https:\/\/zonaroja.com.mx\/index.php?rest_route=\/wp\/v2\/posts\/6629\/revisions"}],"predecessor-version":[{"id":6630,"href":"https:\/\/zonaroja.com.mx\/index.php?rest_route=\/wp\/v2\/posts\/6629\/revisions\/6630"}],"wp:featuredmedia":[{"embeddable":true,"href":"https:\/\/zonaroja.com.mx\/index.php?rest_route=\/wp\/v2\/media\/6563"}],"wp:attachment":[{"href":"https:\/\/zonaroja.com.mx\/index.php?rest_route=%2Fwp%2Fv2%2Fmedia&parent=6629"}],"wp:term":[{"taxonomy":"category","embeddable":true,"href":"https:\/\/zonaroja.com.mx\/index.php?rest_route=%2Fwp%2Fv2%2Fcategories&post=6629"},{"taxonomy":"post_tag","embeddable":true,"href":"https:\/\/zonaroja.com.mx\/index.php?rest_route=%2Fwp%2Fv2%2Ftags&post=6629"}],"curies":[{"name":"wp","href":"https:\/\/api.w.org\/{rel}","templated":true}]}}