{"id":66291,"date":"2024-03-15T19:22:00","date_gmt":"2024-03-16T01:22:00","guid":{"rendered":"http:\/\/www.zonaroja.com.mx\/?p=66291"},"modified":"2024-03-15T18:25:37","modified_gmt":"2024-03-16T00:25:37","slug":"investiga-la-fiscalia-hechos-violentos-entre-transportistas-de-teotitlan","status":"publish","type":"post","link":"https:\/\/zonaroja.com.mx\/?p=66291","title":{"rendered":"Investiga la Fiscal\u00eda hechos violentos entre transportistas de Teotitl\u00e1n"},"content":{"rendered":"\n<p>Redacci\u00f3n\/Zona Roja.&nbsp;<\/p>\n\n\n\n<p>Oaxaca de Ju\u00e1rez, Oax., a 15 de marzo de 2024.- La Fiscal\u00eda General del Estado de Oaxaca (FGEO) inici\u00f3 la carpeta de investigaci\u00f3n correspondiente, luego de tener conocimiento que en el municipio de Teotitl\u00e1n de Flores Mag\u00f3n se present\u00f3 una disputa entre organizaciones sociales relacionadas con el transporte en esa parte de la regi\u00f3n de la Sierra de Flores Mag\u00f3n.<\/p>\n\n\n\n<p>Los hechos ocurrieron durante la tarde del jueves 14 de marzo, cuando varias personas se vieron involucradas en un zafarrancho en el que elementos de la Polic\u00eda Estatal resultaron lesionados y les retiraron sus armas, mismos que posteriormente fueron entregados a la Fiscal\u00eda de Oaxaca junto con las armas de cargo.<\/p>\n\n\n\n<p>Tras los hechos, al lugar acudieron de forma inmediata elementos de la Agencia Estatal de Investigaciones (AEI) perteneciente a la Fiscal\u00eda General del Estado de Oaxaca, para realizar las primeras indagatorias sobre lo ocurrido, trabajos que quedaron a cargo de la Vicefiscal\u00eda General de Control Regional.<\/p>\n\n\n\n<p>La Fiscal\u00eda de Oaxaca despliega equipos multidisciplinarios y especializados en diferentes materias que permitan fortalecer las investigaciones en torno a los delitos con el objetivo de garantizar un adecuado acceso a los procesos de procuraci\u00f3n de justicia.<\/p>\n\n\n\n<p>OTRA CONDENA<\/p>\n\n\n\n<p>La secretaria de Movilidad (Semovi) Claudina de Gyves Mendoza, conden\u00f3 los hechos de violencia entre trasportistas de las organizaciones Movimiento Unificador de Lucha Triqui (MULT) y del Movimiento Oaxaque\u00f1o Izquierda Democr\u00e1tica (MOID) en el municipio de Teotitl\u00e1n de Flores Mag\u00f3n, en el que resultaron lesionados dos elementos de la Polic\u00eda Estatal.<\/p>\n\n\n\n<p>Inform\u00f3 que de acuerdo con las atribuciones de la Semovi, se realizar\u00e1 una revisi\u00f3n de la situaci\u00f3n que guarda el transporte p\u00fablico concesionado involucrado, para coordinar con otras dependencias del Gobierno del Estado las acciones a seguir, siempre en apego al marco legal.<\/p>\n\n\n\n<p>Explic\u00f3 que este es un conflicto con antecedentes de varios a\u00f1os, que las administraciones pasadas dejaron sin resolver, por lo que la Semovi realiza un trabajo desde el inicio de la actual administraci\u00f3n para regularizar el transporte p\u00fablico en esa regi\u00f3n y en toda la entidad.&nbsp;<\/p>\n\n\n\n<p>Indic\u00f3 que se contar\u00e1 con un padr\u00f3n actualizado para que se conozca el estado que guarda el transporte p\u00fablico de Oaxaca, y con esta informaci\u00f3n contar con herramientas para poner fin a la ilegalidad, a las malas pr\u00e1cticas y a las diferencias que se han registrado por a\u00f1os.<\/p>\n\n\n\n<p>(Comunicado)<\/p>\n","protected":false},"excerpt":{"rendered":"<p>Redacci\u00f3n\/Zona Roja.&nbsp; Oaxaca de Ju\u00e1rez, Oax., a 15 de marzo de 2024.- La Fiscal\u00eda General&hellip;<\/p>\n","protected":false},"author":2,"featured_media":66292,"comment_status":"closed","ping_status":"open","sticky":false,"template":"","format":"standard","meta":{"_lmt_disableupdate":"","_lmt_disable":"","_jetpack_memberships_contains_paid_content":false,"footnotes":""},"categories":[109,46],"tags":[494],"class_list":["post-66291","post","type-post","status-publish","format-standard","has-post-thumbnail","hentry","category-minuto-a-minuto","category-zona-blanca","tag-fiscalia-general-del-estado-de-oaxaca"],"jetpack_featured_media_url":"https:\/\/zonaroja.com.mx\/wp-content\/uploads\/2024\/03\/Zafarrancho-transportistas-Teotitlan.jpg","jetpack_sharing_enabled":true,"_links":{"self":[{"href":"https:\/\/zonaroja.com.mx\/index.php?rest_route=\/wp\/v2\/posts\/66291","targetHints":{"allow":["GET"]}}],"collection":[{"href":"https:\/\/zonaroja.com.mx\/index.php?rest_route=\/wp\/v2\/posts"}],"about":[{"href":"https:\/\/zonaroja.com.mx\/index.php?rest_route=\/wp\/v2\/types\/post"}],"author":[{"embeddable":true,"href":"https:\/\/zonaroja.com.mx\/index.php?rest_route=\/wp\/v2\/users\/2"}],"replies":[{"embeddable":true,"href":"https:\/\/zonaroja.com.mx\/index.php?rest_route=%2Fwp%2Fv2%2Fcomments&post=66291"}],"version-history":[{"count":1,"href":"https:\/\/zonaroja.com.mx\/index.php?rest_route=\/wp\/v2\/posts\/66291\/revisions"}],"predecessor-version":[{"id":66293,"href":"https:\/\/zonaroja.com.mx\/index.php?rest_route=\/wp\/v2\/posts\/66291\/revisions\/66293"}],"wp:featuredmedia":[{"embeddable":true,"href":"https:\/\/zonaroja.com.mx\/index.php?rest_route=\/wp\/v2\/media\/66292"}],"wp:attachment":[{"href":"https:\/\/zonaroja.com.mx\/index.php?rest_route=%2Fwp%2Fv2%2Fmedia&parent=66291"}],"wp:term":[{"taxonomy":"category","embeddable":true,"href":"https:\/\/zonaroja.com.mx\/index.php?rest_route=%2Fwp%2Fv2%2Fcategories&post=66291"},{"taxonomy":"post_tag","embeddable":true,"href":"https:\/\/zonaroja.com.mx\/index.php?rest_route=%2Fwp%2Fv2%2Ftags&post=66291"}],"curies":[{"name":"wp","href":"https:\/\/api.w.org\/{rel}","templated":true}]}}