{"id":66294,"date":"2024-03-15T18:47:53","date_gmt":"2024-03-16T00:47:53","guid":{"rendered":"http:\/\/www.zonaroja.com.mx\/?p=66294"},"modified":"2024-03-15T18:47:54","modified_gmt":"2024-03-16T00:47:54","slug":"apelaran-autoridades-de-tamazulapam-del-progreso-a-suspension-de-poderes","status":"publish","type":"post","link":"https:\/\/zonaroja.com.mx\/?p=66294","title":{"rendered":"Apelar\u00e1n autoridades de Tamazul\u00e1pam del Progreso a suspensi\u00f3n de poderes"},"content":{"rendered":"\n<p>Yuridiana Sosa\/Zona Roja.<\/p>\n\n\n\n<p>Oaxaca de Ju\u00e1rez, Oax., a 15 de marzo de 2024.- La s\u00edndica municipal de Tamazul\u00e1pam del Progreso, Surian Vega Arroyo, se\u00f1al\u00f3 como abusiva la decisi\u00f3n del Congreso de Oaxaca para declarar la desaparici\u00f3n de poderes en esa municipalidad, en la que prevalecieron intereses pol\u00edticos por parte de los legisladores.<\/p>\n\n\n\n<p>Apunt\u00f3 que los diputados decidieron \u201cal vapor, de forma r\u00e1pida y sin an\u00e1lisis\u201d dicha decisi\u00f3n en la que ni ella como otros concejales tuvieron conocimiento previo de su intenci\u00f3n, es decir, no hubo una investigaci\u00f3n para determinar que hab\u00eda ingobernabilidad.<\/p>\n\n\n\n<p>Entre las personas interesadas con la desaparici\u00f3n de poderes, dijo, se encuentra la del regidor de oposici\u00f3n, Jos\u00e9 Antonio Garc\u00eda Concha, de Morena, quien aprovech\u00f3 a favor de su partido las exigencias para que el edil, Ramiro Quiroz Salcedo, transparentara&nbsp;los recursos p\u00fablicos del 2022.<\/p>\n\n\n\n<p>Vega Arroyo reconoci\u00f3 que interpuso una denuncia ante la Fiscal\u00eda Anticorrupci\u00f3n contra el edil por la aplicaci\u00f3n de 17 millones de pesos, tras las observaciones en la auditor\u00eda por dicho monto durante el ejercicio fiscal 2022.<\/p>\n\n\n\n<p>As\u00ed como que entre las deficiencias de la gesti\u00f3n de Quiroz Salcedos se encuentren problemas con las agencias municipales en la entrega de sus participaciones, deudas con proveedores y de dietas, pero nada que sea motivo de ingobernabilidad, como lo se\u00f1al\u00f3 el Congreso local.<\/p>\n\n\n\n<p>Sin embargo, la llegada de un administrador s\u00f3lo empeorar\u00e1 las condiciones para la entrega de recursos en las comunidades y el desarrollo de obras, por lo que asegur\u00f3 que el pueblo en general no va a permitir un administrador<\/p>\n\n\n\n<p>\u201cVamos a impugnar esta decisi\u00f3n, porque como concejales nunca conocimos que se iba a llevar a cabo la desaparici\u00f3n de poderes\u201d, destac\u00f3, al denunciar que su firma fue falsificada para dar por hecho que ella estaba de acuerdo con la desaparici\u00f3n de poderes, pero en lo cual ella no aprob\u00f3 ni mucho menos sign\u00f3 el documento que fue entregado al Congreso.<\/p>\n","protected":false},"excerpt":{"rendered":"<p>Yuridiana Sosa\/Zona Roja. Oaxaca de Ju\u00e1rez, Oax., a 15 de marzo de 2024.- La s\u00edndica&hellip;<\/p>\n","protected":false},"author":2,"featured_media":66286,"comment_status":"closed","ping_status":"open","sticky":false,"template":"","format":"standard","meta":{"_lmt_disableupdate":"","_lmt_disable":"","_jetpack_memberships_contains_paid_content":false,"footnotes":""},"categories":[109,47],"tags":[656],"class_list":["post-66294","post","type-post","status-publish","format-standard","has-post-thumbnail","hentry","category-minuto-a-minuto","category-zona-gris","tag-tamazulapam-del-progreso"],"jetpack_featured_media_url":"https:\/\/zonaroja.com.mx\/wp-content\/uploads\/2024\/03\/Conferencia-sindica-Tamazulapam.jpg","jetpack_sharing_enabled":true,"_links":{"self":[{"href":"https:\/\/zonaroja.com.mx\/index.php?rest_route=\/wp\/v2\/posts\/66294","targetHints":{"allow":["GET"]}}],"collection":[{"href":"https:\/\/zonaroja.com.mx\/index.php?rest_route=\/wp\/v2\/posts"}],"about":[{"href":"https:\/\/zonaroja.com.mx\/index.php?rest_route=\/wp\/v2\/types\/post"}],"author":[{"embeddable":true,"href":"https:\/\/zonaroja.com.mx\/index.php?rest_route=\/wp\/v2\/users\/2"}],"replies":[{"embeddable":true,"href":"https:\/\/zonaroja.com.mx\/index.php?rest_route=%2Fwp%2Fv2%2Fcomments&post=66294"}],"version-history":[{"count":1,"href":"https:\/\/zonaroja.com.mx\/index.php?rest_route=\/wp\/v2\/posts\/66294\/revisions"}],"predecessor-version":[{"id":66295,"href":"https:\/\/zonaroja.com.mx\/index.php?rest_route=\/wp\/v2\/posts\/66294\/revisions\/66295"}],"wp:featuredmedia":[{"embeddable":true,"href":"https:\/\/zonaroja.com.mx\/index.php?rest_route=\/wp\/v2\/media\/66286"}],"wp:attachment":[{"href":"https:\/\/zonaroja.com.mx\/index.php?rest_route=%2Fwp%2Fv2%2Fmedia&parent=66294"}],"wp:term":[{"taxonomy":"category","embeddable":true,"href":"https:\/\/zonaroja.com.mx\/index.php?rest_route=%2Fwp%2Fv2%2Fcategories&post=66294"},{"taxonomy":"post_tag","embeddable":true,"href":"https:\/\/zonaroja.com.mx\/index.php?rest_route=%2Fwp%2Fv2%2Ftags&post=66294"}],"curies":[{"name":"wp","href":"https:\/\/api.w.org\/{rel}","templated":true}]}}