{"id":66296,"date":"2024-03-16T07:53:00","date_gmt":"2024-03-16T13:53:00","guid":{"rendered":"http:\/\/www.zonaroja.com.mx\/?p=66296"},"modified":"2024-03-15T21:54:55","modified_gmt":"2024-03-16T03:54:55","slug":"premian-a-ganadores-del-certamen-nacional-de-oratoria-organizado-por-el-congreso","status":"publish","type":"post","link":"https:\/\/zonaroja.com.mx\/?p=66296","title":{"rendered":"Premian a ganadores del Certamen Nacional de Oratoria organizado por el Congreso"},"content":{"rendered":"\n<p>Redacci\u00f3n\/Zona Roja.<\/p>\n\n\n\n<p>Oaxaca de Ju\u00e1rez, Oax., a 16 de marzo de 2024.- El Congreso de Oaxaca, a trav\u00e9s de la Comisi\u00f3n Permanente de Educaci\u00f3n, Ciencia, Tecnolog\u00eda e Innovaci\u00f3n, premi\u00f3 a los ganadores de los tres primeros lugares de la etapa nacional, as\u00ed como de las cuatro categor\u00edas de la etapa estatal, de la edici\u00f3n XXII del Certamen Nacional de Oratoria \u201cLic. Benito Ju\u00e1rez Garc\u00eda\u201d.&nbsp;<\/p>\n\n\n\n<p>En la etapa nacional donde participaron j\u00f3venes de entre 19 y 29 a\u00f1os de edad de 10 estados del pa\u00eds, el primer lugar lo obtuvo Emiliano Organiz Carrillo, del estado de Guerrero; el segundo lugar, C\u00e9sar Ulises Mendoza Guerrero, de Aguascalientes; y el tercer lugar, Adolfo Hern\u00e1ndez Hern\u00e1ndez, de Tlaxcala.&nbsp;<\/p>\n\n\n\n<p>Respecto de la etapa estatal que cont\u00f3 con participantes del interior del estado oaxaque\u00f1o, en la categor\u00eda A, donde participaron ni\u00f1os de ocho a 11 a\u00f1os de edad, el primer lugar lo obtuvo la ni\u00f1a I. A. A. G. En tanto, el segundo lugar fue para S. E. V. G; y el tercer lugar para A. M. P. T.&nbsp;<\/p>\n\n\n\n<p>En la categor\u00eda B, de participantes de 12 a 15 a\u00f1os de edad, el primer lugar fue para I. B. O; el segundo lugar para S. M. S. H; y el tercer lugar para H. C. G. V.&nbsp;<\/p>\n\n\n\n<p>En la categor\u00eda C, de j\u00f3venes de 16 a 18 a\u00f1os, el primer lugar lo obtuvo S. F. C. R; el segundo lugar, F. M. C. R; y el tercer lugar, P. J. G.&nbsp;<\/p>\n\n\n\n<p>Y en la categor\u00eda D, de j\u00f3venes de 19 a 29 a\u00f1os de edad, el primer lugar fue para Jes\u00fas Gabriel Cuevas Cuevas; el segundo lugar para Ferdinando Rainero Osorio G\u00f3mez y el tercer lugar para Aldo Hern\u00e1ndez D\u00e1vila.&nbsp;<\/p>\n\n\n\n<p>La presidenta de la Comisi\u00f3n Permanente de Educaci\u00f3n, Ciencia, Tecnolog\u00eda e Innovaci\u00f3n, Juana Aguilar Espinoza, organizadora de este certamen, reconoci\u00f3 a cada participante su inter\u00e9s y esfuerzo para ser parte de este concurso. \u201cS\u00e9 que se han preparado intensamente para llegar a triunfar\u201d.&nbsp;<\/p>\n\n\n\n<p>Por su parte, el presidente de la Junta de Coordinaci\u00f3n Pol\u00edtica (Jucopo) de la LXV Legislatura local, Sergio L\u00f3pez S\u00e1nchez, felicit\u00f3 a las y los participantes, y resalt\u00f3 lo fundamental que es la oratoria para la expresi\u00f3n del ser humano.&nbsp;<\/p>\n\n\n\n<p>\u201cEn este mundo lleno de ruido y distracciones, la habilidad de expresarnos de manera clara y persuasiva es m\u00e1s importante que nunca, la oratoria no solo implica la capacidad de hablar en p\u00fablico de manera elocuente, sino que tambi\u00e9n es un medio para expresar ideas, inspirar acci\u00f3n y provocar cambio\u201d, expres\u00f3.<\/p>\n\n\n\n<p>Durante el jueves 14 y viernes 15 de marzo, se realiz\u00f3 en el Congreso de Oaxaca la edici\u00f3n XXII del Certamen Nacional de Oratoria \u201cLic. Benito Ju\u00e1rez Garc\u00eda\u201d, el cual fue instituido mediante el decreto 296 aprobado el 20 de marzo de 2001, en conmemoraci\u00f3n del natalicio del oaxaque\u00f1o y expresidente de M\u00e9xico, Benito Ju\u00e1rez Garc\u00eda.&nbsp;<\/p>\n\n\n\n<p>En este a\u00f1o, participaron en total 133 oradores; de los cuales 14 fueron de la etapa nacional provenientes de Oaxaca, Tlaxcala, Michoac\u00e1n, Estado de M\u00e9xico, Puebla, Aguascalientes, Nayarit, Ciudad de M\u00e9xico, Nuevo Le\u00f3n y Guerrero.<\/p>\n","protected":false},"excerpt":{"rendered":"<p>Redacci\u00f3n\/Zona Roja. Oaxaca de Ju\u00e1rez, Oax., a 16 de marzo de 2024.- El Congreso de&hellip;<\/p>\n","protected":false},"author":2,"featured_media":66297,"comment_status":"closed","ping_status":"open","sticky":false,"template":"","format":"standard","meta":{"_lmt_disableupdate":"","_lmt_disable":"","_jetpack_memberships_contains_paid_content":false,"footnotes":""},"categories":[109,46],"tags":[2743],"class_list":["post-66296","post","type-post","status-publish","format-standard","has-post-thumbnail","hentry","category-minuto-a-minuto","category-zona-blanca","tag-65-legislatura-del-estado-de-oaxaca"],"jetpack_featured_media_url":"https:\/\/zonaroja.com.mx\/wp-content\/uploads\/2024\/03\/Certamen-nacional-de-oratoria-reune-a-oradores-de-10-estados-del-pais-en-el-Congreso-de-Oaxaca_2.jpeg","jetpack_sharing_enabled":true,"_links":{"self":[{"href":"https:\/\/zonaroja.com.mx\/index.php?rest_route=\/wp\/v2\/posts\/66296","targetHints":{"allow":["GET"]}}],"collection":[{"href":"https:\/\/zonaroja.com.mx\/index.php?rest_route=\/wp\/v2\/posts"}],"about":[{"href":"https:\/\/zonaroja.com.mx\/index.php?rest_route=\/wp\/v2\/types\/post"}],"author":[{"embeddable":true,"href":"https:\/\/zonaroja.com.mx\/index.php?rest_route=\/wp\/v2\/users\/2"}],"replies":[{"embeddable":true,"href":"https:\/\/zonaroja.com.mx\/index.php?rest_route=%2Fwp%2Fv2%2Fcomments&post=66296"}],"version-history":[{"count":1,"href":"https:\/\/zonaroja.com.mx\/index.php?rest_route=\/wp\/v2\/posts\/66296\/revisions"}],"predecessor-version":[{"id":66298,"href":"https:\/\/zonaroja.com.mx\/index.php?rest_route=\/wp\/v2\/posts\/66296\/revisions\/66298"}],"wp:featuredmedia":[{"embeddable":true,"href":"https:\/\/zonaroja.com.mx\/index.php?rest_route=\/wp\/v2\/media\/66297"}],"wp:attachment":[{"href":"https:\/\/zonaroja.com.mx\/index.php?rest_route=%2Fwp%2Fv2%2Fmedia&parent=66296"}],"wp:term":[{"taxonomy":"category","embeddable":true,"href":"https:\/\/zonaroja.com.mx\/index.php?rest_route=%2Fwp%2Fv2%2Fcategories&post=66296"},{"taxonomy":"post_tag","embeddable":true,"href":"https:\/\/zonaroja.com.mx\/index.php?rest_route=%2Fwp%2Fv2%2Ftags&post=66296"}],"curies":[{"name":"wp","href":"https:\/\/api.w.org\/{rel}","templated":true}]}}