{"id":66300,"date":"2024-03-16T09:00:00","date_gmt":"2024-03-16T15:00:00","guid":{"rendered":"http:\/\/www.zonaroja.com.mx\/?p=66300"},"modified":"2024-03-16T09:36:33","modified_gmt":"2024-03-16T15:36:33","slug":"asesinan-a-ex-autoridad-municipal-en-puerto-angel-pochutla","status":"publish","type":"post","link":"https:\/\/zonaroja.com.mx\/?p=66300","title":{"rendered":"Asesinan a ex autoridad en Puerto \u00c1ngel y a individuo en Miahuatl\u00e1n"},"content":{"rendered":"\n<p>Raymundo Morales\/Zona Roja.<\/p>\n\n\n\n<p>Oaxaca de Ju\u00e1rez, Oax., a 16 de marzo de 2024.- El ex agente municipal de Puerto \u00c1ngel, municipio de San Pedro Pochutla, fue asesinado anoche por disparos de arma de fuego.<\/p>\n\n\n\n<p>Jaime M. R. se encontraba en el domicilio de uno de sus familiares cuando arrib\u00f3 un sujeto a bordo de una motocicleta, quien le dispar\u00f3 en repetidas ocasiones, tras lo cual huy\u00f3.<\/p>\n\n\n\n<p>Habitantes de la zona pidieron el auxilio de las autoridades policiacas y param\u00e9dicos; estos \u00faltimos certificaron que ya no contaba con signos vitales.<\/p>\n\n\n\n<p>Hasta el momento se desconoce el m\u00f3vil del crimen y las corporaciones policiacas no han reportado personas detenidas por estos hechos.<\/p>\n\n\n\n<p>Personal de la Vicefiscal\u00eda Regional de la Costa, dependiente de la Fiscal\u00eda General del Estado de Oaxaca, arrib\u00f3 posteriormente para dar inicio con las investigaciones.<\/p>\n\n\n\n<p>EN MIAHUATL\u00c1N <\/p>\n\n\n\n<p>Por otra parte, la madrugada de este s\u00e1bado ocurri\u00f3 una agresi\u00f3n a balazos en el municipio de Miahuatl\u00e1n de Porfirio D\u00edaz. <\/p>\n\n\n\n<p>El hecho sucedi\u00f3 a la altura del barrio Tierra Negra, afuera de un establecimiento nocturno, cerca de la carretera federal 175. <\/p>\n\n\n\n<p>Ah\u00ed qued\u00f3 una v\u00edctima fatal, a\u00fan no identificada, mientras otra persona del sexo masculino que fue trasladada a un hospital. <\/p>\n\n\n\n<p>Polic\u00edas municipales \u00fanicamente llegaron a acordonar la escena del crimen pero no reportan aprehensiones. <\/p>\n","protected":false},"excerpt":{"rendered":"<p>Raymundo Morales\/Zona Roja. Oaxaca de Ju\u00e1rez, Oax., a 16 de marzo de 2024.- El ex&hellip;<\/p>\n","protected":false},"author":2,"featured_media":30407,"comment_status":"closed","ping_status":"open","sticky":false,"template":"","format":"standard","meta":{"_lmt_disableupdate":"","_lmt_disable":"","_jetpack_memberships_contains_paid_content":false,"footnotes":""},"categories":[109,51],"tags":[3238],"class_list":["post-66300","post","type-post","status-publish","format-standard","has-post-thumbnail","hentry","category-minuto-a-minuto","category-zona-roja","tag-puerto-angel-pochutla"],"jetpack_featured_media_url":"https:\/\/zonaroja.com.mx\/wp-content\/uploads\/2021\/08\/Escena-del-crimen-homicidio-violencia.jpg","jetpack_sharing_enabled":true,"_links":{"self":[{"href":"https:\/\/zonaroja.com.mx\/index.php?rest_route=\/wp\/v2\/posts\/66300","targetHints":{"allow":["GET"]}}],"collection":[{"href":"https:\/\/zonaroja.com.mx\/index.php?rest_route=\/wp\/v2\/posts"}],"about":[{"href":"https:\/\/zonaroja.com.mx\/index.php?rest_route=\/wp\/v2\/types\/post"}],"author":[{"embeddable":true,"href":"https:\/\/zonaroja.com.mx\/index.php?rest_route=\/wp\/v2\/users\/2"}],"replies":[{"embeddable":true,"href":"https:\/\/zonaroja.com.mx\/index.php?rest_route=%2Fwp%2Fv2%2Fcomments&post=66300"}],"version-history":[{"count":2,"href":"https:\/\/zonaroja.com.mx\/index.php?rest_route=\/wp\/v2\/posts\/66300\/revisions"}],"predecessor-version":[{"id":66317,"href":"https:\/\/zonaroja.com.mx\/index.php?rest_route=\/wp\/v2\/posts\/66300\/revisions\/66317"}],"wp:featuredmedia":[{"embeddable":true,"href":"https:\/\/zonaroja.com.mx\/index.php?rest_route=\/wp\/v2\/media\/30407"}],"wp:attachment":[{"href":"https:\/\/zonaroja.com.mx\/index.php?rest_route=%2Fwp%2Fv2%2Fmedia&parent=66300"}],"wp:term":[{"taxonomy":"category","embeddable":true,"href":"https:\/\/zonaroja.com.mx\/index.php?rest_route=%2Fwp%2Fv2%2Fcategories&post=66300"},{"taxonomy":"post_tag","embeddable":true,"href":"https:\/\/zonaroja.com.mx\/index.php?rest_route=%2Fwp%2Fv2%2Ftags&post=66300"}],"curies":[{"name":"wp","href":"https:\/\/api.w.org\/{rel}","templated":true}]}}