{"id":66304,"date":"2024-03-16T11:00:00","date_gmt":"2024-03-16T17:00:00","guid":{"rendered":"http:\/\/www.zonaroja.com.mx\/?p=66304"},"modified":"2024-03-16T07:20:03","modified_gmt":"2024-03-16T13:20:03","slug":"detiene-fiscalia-a-sujeto-por-violacion-contra-adolescente","status":"publish","type":"post","link":"https:\/\/zonaroja.com.mx\/?p=66304","title":{"rendered":"Detiene Fiscal\u00eda a sujeto por violaci\u00f3n contra adolescente\u00a0"},"content":{"rendered":"\n<p>Redacci\u00f3n\/Zona Roja.<\/p>\n\n\n\n<p>Oaxaca de Ju\u00e1rez, Oax., a 16 de marzo de 2024.-&nbsp;Como parte de las labores con perspectiva de g\u00e9nero que prioriza la Fiscal\u00eda General del Estado de Oaxaca (FGEO), se ejecut\u00f3 una orden de aprehensi\u00f3n en contra de la persona del sexo masculino identificada por las iniciales V. M. T. G., por el delito Equiparado a la Violaci\u00f3n, cometido en agravio de una menor de edad en la regi\u00f3n de los Valles Centrales.<\/p>\n\n\n\n<p>De acuerdo con la denuncia penal, la v\u00edctima (una adolescente cuya identidad est\u00e1 reservada por ley) fue contactada por su agresor (mayor de edad) a trav\u00e9s de redes sociales, quien la convenci\u00f3 de sostener relaciones sexuales, hechos que sucedieron el 22 de diciembre de 2020, en el municipio de Santiago Suchilquitongo.<\/p>\n\n\n\n<p>La v\u00edctima y su familia acudieron ante la Fiscal\u00eda de Oaxaca para realizar la denuncia penal, por la cual se iniciaron las investigaciones ministeriales con perspectiva de g\u00e9nero a trav\u00e9s de la Vicefiscal\u00eda de Valles Centrales.<\/p>\n\n\n\n<p>Los resultados iniciales de las indagatorias se presentaron ante el Juez que otorg\u00f3 una orden de aprehensi\u00f3n, mandato judicial que fue ejecutado este 15 de marzo de 2024, por elementos de la Agencia Estatal de Investigaciones (AEI) adscritos a la Comandancia Especializada en Atenci\u00f3n a Delitos contra la Mujer por Raz\u00f3n de G\u00e9nero en Valles Centrales.<\/p>\n\n\n\n<p>Tras dar con el paradero de V. M. T. G., se despleg\u00f3 un operativo que tuvo como resultado la detenci\u00f3n de esta persona, que fue presentada ante la autoridad ministerial correspondiente para determinar su situaci\u00f3n jur\u00eddica en las pr\u00f3ximas horas.<\/p>\n\n\n\n<p>La Fiscal\u00eda de Oaxaca brinda acompa\u00f1amiento integral a las v\u00edctimas de delitos sexuales, principalmente cuando se trata de ni\u00f1as, ni\u00f1os y adolescentes, para fortalecer las labores de procuraci\u00f3n de justicia.<\/p>\n\n\n\n<p>UN SENTENCIADO<\/p>\n\n\n\n<p>En otro caso, la Fiscal\u00eda General obtuvo sentencia condenatoria de m\u00e1s de 14 a\u00f1os de prisi\u00f3n contra una persona del sexo masculino identificada como I.M.G., alias \u201cEl Lobo\u201d, responsable en la comisi\u00f3n de los delitos contra la salud en su variante de narcomenudeo con fines de comercio as\u00ed como equiparado al robo de veh\u00edculo, por hechos cometidos en la regi\u00f3n del Istmo de Tehuantepec.<\/p>\n\n\n\n<p>De acuerdo con la causa penal del caso, el 12 de febrero de 2023, se dio cumplimiento a una orden de cateo en un domicilio particular ubicado en la segunda secci\u00f3n del municipio de El Espinal.<\/p>\n\n\n\n<p>Como resultado del operativo policial, se encontraron dosis de diversas drogas con caracter\u00edsticas similares a la mariguana, cristal y metanfetamina, adem\u00e1s de una motocicleta con reporte de robo; cateo en el que tambi\u00e9n se realiz\u00f3 la detenci\u00f3n de I.M.G., alias \u201cEl Lobo\u201d, quien fue puesto a disposici\u00f3n de la autoridad correspondiente.<\/p>\n\n\n\n<p>Tras llevarlo a audiencia, el Juez evalu\u00f3 los datos de prueba aportados por la FGEO a trav\u00e9s de las labores ministeriales realizadas por la Vicefiscal\u00eda Regional del Istmo, a partir de lo cual dict\u00f3 sentencia condenatoria en contra de I.M.G., alias \u201cEl Lobo\u201d, a quien impuso la pena de 14 a\u00f1os con seis meses de prisi\u00f3n, adem\u00e1s que orden\u00f3 el pago de una multa a favor de las v\u00edctimas.<\/p>\n","protected":false},"excerpt":{"rendered":"<p>Redacci\u00f3n\/Zona Roja. Oaxaca de Ju\u00e1rez, Oax., a 16 de marzo de 2024.-&nbsp;Como parte de las&hellip;<\/p>\n","protected":false},"author":2,"featured_media":66305,"comment_status":"closed","ping_status":"open","sticky":false,"template":"","format":"standard","meta":{"_lmt_disableupdate":"","_lmt_disable":"","_jetpack_memberships_contains_paid_content":false,"footnotes":""},"categories":[109,46],"tags":[494],"class_list":["post-66304","post","type-post","status-publish","format-standard","has-post-thumbnail","hentry","category-minuto-a-minuto","category-zona-blanca","tag-fiscalia-general-del-estado-de-oaxaca"],"jetpack_featured_media_url":"https:\/\/zonaroja.com.mx\/wp-content\/uploads\/2024\/03\/detenidos-Fiscalia-Oaxaca.jpg","jetpack_sharing_enabled":true,"_links":{"self":[{"href":"https:\/\/zonaroja.com.mx\/index.php?rest_route=\/wp\/v2\/posts\/66304","targetHints":{"allow":["GET"]}}],"collection":[{"href":"https:\/\/zonaroja.com.mx\/index.php?rest_route=\/wp\/v2\/posts"}],"about":[{"href":"https:\/\/zonaroja.com.mx\/index.php?rest_route=\/wp\/v2\/types\/post"}],"author":[{"embeddable":true,"href":"https:\/\/zonaroja.com.mx\/index.php?rest_route=\/wp\/v2\/users\/2"}],"replies":[{"embeddable":true,"href":"https:\/\/zonaroja.com.mx\/index.php?rest_route=%2Fwp%2Fv2%2Fcomments&post=66304"}],"version-history":[{"count":1,"href":"https:\/\/zonaroja.com.mx\/index.php?rest_route=\/wp\/v2\/posts\/66304\/revisions"}],"predecessor-version":[{"id":66306,"href":"https:\/\/zonaroja.com.mx\/index.php?rest_route=\/wp\/v2\/posts\/66304\/revisions\/66306"}],"wp:featuredmedia":[{"embeddable":true,"href":"https:\/\/zonaroja.com.mx\/index.php?rest_route=\/wp\/v2\/media\/66305"}],"wp:attachment":[{"href":"https:\/\/zonaroja.com.mx\/index.php?rest_route=%2Fwp%2Fv2%2Fmedia&parent=66304"}],"wp:term":[{"taxonomy":"category","embeddable":true,"href":"https:\/\/zonaroja.com.mx\/index.php?rest_route=%2Fwp%2Fv2%2Fcategories&post=66304"},{"taxonomy":"post_tag","embeddable":true,"href":"https:\/\/zonaroja.com.mx\/index.php?rest_route=%2Fwp%2Fv2%2Ftags&post=66304"}],"curies":[{"name":"wp","href":"https:\/\/api.w.org\/{rel}","templated":true}]}}