{"id":6631,"date":"2019-12-13T08:56:10","date_gmt":"2019-12-13T14:56:10","guid":{"rendered":"http:\/\/www.zonaroja.com.mx\/?p=6631"},"modified":"2019-12-13T08:56:16","modified_gmt":"2019-12-13T14:56:16","slug":"activistas-y-defensoras-piden-atencion-efectiva-para-saxofonista-maria-elena","status":"publish","type":"post","link":"https:\/\/zonaroja.com.mx\/?p=6631","title":{"rendered":"Activistas y defensoras piden atenci\u00f3n efectiva para saxofonista Mar\u00eda Elena"},"content":{"rendered":"\n<p>Evlin Arag\u00f3n\/Zona Roja.<\/p>\n\n\n\n<p>Oaxaca de Ju\u00e1rez, Oax., 13 de diciembre\nde 2019.- Activistas y defensoras de los derechos de las mujeres enviaron un\noficio dirigido al doctor Ernesto Garz\u00f3n S\u00e1nchez, director del Hospital Cilvil \u201cDr.\nAurelio Valdivieso\u201d, donde le piden canalizar a Mar\u00eda Elena R\u00edos a un centro hospitalario\ncon especialidad en atenci\u00f3n a quemaduras con \u00e1cido y a la vez exigen una\nexplicaci\u00f3n de por qu\u00e9 no se ha hecho con anterioridad el procedimiento.<\/p>\n\n\n\n<p>\u201cA tres meses del ataque, la joven ha sufrido graves alteraciones en su salud, integridad f\u00edsica y psicol\u00f3gica, as\u00ed como familiar; pues desde hace tres meses que sucedi\u00f3 el hecho a\u00fan la tienen postrada en una cama, lo que nos da cuenta que a la fecha ha habido una falta de cuidado y efectividad por parte del Hospital Civil, pues no ha recibido atenci\u00f3n especializada para esta agresi\u00f3n\u201d cita el documento firmado Yesica S\u00e1nchez Maya, defensora de derechos humanos, y avalado por decenas de activistas y organizaciones sociales.<\/p>\n\n\n\n<figure class=\"wp-block-embed-twitter wp-block-embed is-type-rich is-provider-twitter\"><div class=\"wp-block-embed__wrapper\">\n<div class=\"twitter-tweet\"><blockquote class=\"twitter-tweet\" data-lang=\"es\"><p lang=\"es\" dir=\"ltr\"><a href=\"https:\/\/twitter.com\/hashtag\/OaxacaGris?src=hash&amp;ref_src=twsrc%5Etfw\">#OaxacaGris<\/a><br>Crece irritaci\u00f3n a nivel nacional por desatenci\u00f3n de la <a href=\"https:\/\/twitter.com\/FISCALIA_GobOax?ref_src=twsrc%5Etfw\">@FISCALIA_GobOax<\/a> al caso de Mar\u00eda Elena, atacada con \u00e1cido: &quot;El Estado nuevamente nos fall\u00f3 a las mujeres&#8230; Exijo justicia, que el gobierno de Oaxaca nos d\u00e9 respuestas, que la atiendan&#8230;&quot;, dice <a href=\"https:\/\/twitter.com\/AlessandraRdlv?ref_src=twsrc%5Etfw\">@AlessandraRdlv<\/a>. <a href=\"https:\/\/t.co\/frsoeEUbmr\">pic.twitter.com\/frsoeEUbmr<\/a><\/p>&mdash; Zona Roja Oaxaca (@MexRoja) <a href=\"https:\/\/twitter.com\/MexRoja\/status\/1205224727180193793?ref_src=twsrc%5Etfw\">12 de diciembre de 2019<\/a><\/blockquote><\/div>\n<\/div><\/figure>\n\n\n\n<p>As\u00ed mismo, la diputada en la Ciudad de\nM\u00e9xico, Alessandra Rojo de la Vega, se uni\u00f3 a la exigencia de justicia y de\natenci\u00f3n especializada para la joven, ya que asegur\u00f3 que en ataques con \u00e1cido\ncada minuto cuenta, pues el qu\u00edmico sigue carcomiendo la piel como lo ha\nescuchado y visto en otras mujeres v\u00edctimas.<\/p>\n\n\n\n<p>\u201cExijo al gobierno de Oaxaca que le d\u00e9 respuesta\na la joven, que nos d\u00e9 respuesta a todas las mujeres, que la atienda, es vital\nque se atienda, exijo justicia, \u00bfqui\u00e9n nos va ayudar? \u00bfvan a proteger a un\ndelincuente, a un desgraciado que da\u00f1o a esta joven?\u201d, manifest\u00f3 en un video difundido\nen sus redes sociales.<\/p>\n\n\n\n<p>Record\u00f3 que el responsable podr\u00eda ser acusado de lesiones \u00fanicamente por las que incluso podr\u00eda no pisar la c\u00e1rcel, raz\u00f3n por la que alert\u00f3 a las y los legisladores a que se repliquen las adecuaciones a las leyes recientemente aprobadas en la Ciudad de M\u00e9xico y que sancionan los ataques con \u00e1cido con nueve a 12 a\u00f1os de prisi\u00f3n, al considerarla violencia de g\u00e9nero.<\/p>\n\n\n\n<figure class=\"wp-block-image\"><img decoding=\"async\" width=\"830\" height=\"415\" src=\"http:\/\/www.zonaroja.com.mx\/wp-content\/uploads\/2019\/12\/Mar\u00eda-Elena-R\u00edos2.jpg\" alt=\"\" class=\"wp-image-6633\" srcset=\"https:\/\/zonaroja.com.mx\/wp-content\/uploads\/2019\/12\/Mar\u00eda-Elena-R\u00edos2.jpg 830w, https:\/\/zonaroja.com.mx\/wp-content\/uploads\/2019\/12\/Mar\u00eda-Elena-R\u00edos2-300x150.jpg 300w, https:\/\/zonaroja.com.mx\/wp-content\/uploads\/2019\/12\/Mar\u00eda-Elena-R\u00edos2-768x384.jpg 768w, https:\/\/zonaroja.com.mx\/wp-content\/uploads\/2019\/12\/Mar\u00eda-Elena-R\u00edos2-585x293.jpg 585w\" sizes=\"(max-width: 830px) 100vw, 830px\" \/><\/figure>\n","protected":false},"excerpt":{"rendered":"<p>Evlin Arag\u00f3n\/Zona Roja. Oaxaca de Ju\u00e1rez, Oax., 13 de diciembre de 2019.- Activistas y defensoras&hellip;<\/p>\n","protected":false},"author":2,"featured_media":6632,"comment_status":"closed","ping_status":"open","sticky":false,"template":"","format":"standard","meta":{"_lmt_disableupdate":"","_lmt_disable":"","_jetpack_memberships_contains_paid_content":false,"footnotes":""},"categories":[109,51],"tags":[1124],"class_list":["post-6631","post","type-post","status-publish","format-standard","has-post-thumbnail","hentry","category-minuto-a-minuto","category-zona-roja","tag-maria-elena-rios-ortiz"],"jetpack_featured_media_url":"https:\/\/zonaroja.com.mx\/wp-content\/uploads\/2019\/12\/Mar\u00eda-Elena-R\u00edos3.jpg","jetpack_sharing_enabled":true,"_links":{"self":[{"href":"https:\/\/zonaroja.com.mx\/index.php?rest_route=\/wp\/v2\/posts\/6631","targetHints":{"allow":["GET"]}}],"collection":[{"href":"https:\/\/zonaroja.com.mx\/index.php?rest_route=\/wp\/v2\/posts"}],"about":[{"href":"https:\/\/zonaroja.com.mx\/index.php?rest_route=\/wp\/v2\/types\/post"}],"author":[{"embeddable":true,"href":"https:\/\/zonaroja.com.mx\/index.php?rest_route=\/wp\/v2\/users\/2"}],"replies":[{"embeddable":true,"href":"https:\/\/zonaroja.com.mx\/index.php?rest_route=%2Fwp%2Fv2%2Fcomments&post=6631"}],"version-history":[{"count":1,"href":"https:\/\/zonaroja.com.mx\/index.php?rest_route=\/wp\/v2\/posts\/6631\/revisions"}],"predecessor-version":[{"id":6634,"href":"https:\/\/zonaroja.com.mx\/index.php?rest_route=\/wp\/v2\/posts\/6631\/revisions\/6634"}],"wp:featuredmedia":[{"embeddable":true,"href":"https:\/\/zonaroja.com.mx\/index.php?rest_route=\/wp\/v2\/media\/6632"}],"wp:attachment":[{"href":"https:\/\/zonaroja.com.mx\/index.php?rest_route=%2Fwp%2Fv2%2Fmedia&parent=6631"}],"wp:term":[{"taxonomy":"category","embeddable":true,"href":"https:\/\/zonaroja.com.mx\/index.php?rest_route=%2Fwp%2Fv2%2Fcategories&post=6631"},{"taxonomy":"post_tag","embeddable":true,"href":"https:\/\/zonaroja.com.mx\/index.php?rest_route=%2Fwp%2Fv2%2Ftags&post=6631"}],"curies":[{"name":"wp","href":"https:\/\/api.w.org\/{rel}","templated":true}]}}