{"id":66314,"date":"2024-03-16T11:59:00","date_gmt":"2024-03-16T17:59:00","guid":{"rendered":"http:\/\/www.zonaroja.com.mx\/?p=66314"},"modified":"2024-03-16T16:21:32","modified_gmt":"2024-03-16T22:21:32","slug":"matan-a-balazos-a-un-presidente-municipal-en-jalisco","status":"publish","type":"post","link":"https:\/\/zonaroja.com.mx\/?p=66314","title":{"rendered":"Matan a balazos a un presidente municipal en Jalisco"},"content":{"rendered":"\n<p>Redacci\u00f3n\/Zona Roja Cdmx.<\/p>\n\n\n\n<p>Ciudad de M\u00e9xico, a 16 de marzo de 2024.- El pasado viernes por la noche, la tranquila cabecera municipal de Pihuamo, Jalisco, se vio sacudida por un acto de violencia que ha conmocionado a la comunidad. Humberto Amezcua, el presidente municipal en funciones, fue v\u00edctima de un asesinato justo afuera de la casa de la madre de una residente local.<\/p>\n\n\n\n<p>La noticia del suceso se propag\u00f3 r\u00e1pidamente por las redes sociales, donde una usuaria comparti\u00f3 la informaci\u00f3n a las 10:39 de la noche. En su publicaci\u00f3n, expres\u00f3 su shock y la sensaci\u00f3n de impotencia ante la escalada de violencia que ha alcanzado a su comunidad.<\/p>\n\n\n\n<p>Adem\u00e1s, figuras p\u00fablicas como la diputada pri\u00edsta Ver\u00f3nica Flores, tambi\u00e9n recurrieron a las plataformas digitales para expresar su consternaci\u00f3n y exigir acciones contundentes por parte de las autoridades. En un mensaje dirigido al presidente L\u00f3pez Obrador y al gobernador Enrique Alfaro, la diputada cuestion\u00f3 hasta cu\u00e1ndo persistir\u00e1 la violencia en la regi\u00f3n y demand\u00f3 respuestas concretas para detener este ciclo de tragedias.<\/p>\n\n\n\n<p>Por su parte, la Fiscal\u00eda Especial Regional anunci\u00f3 que ha asumido la responsabilidad de llevar a cabo las investigaciones pertinentes para esclarecer el homicidio del presidente municipal Humberto Amezcua. Este acto de violencia ha generado un clima de incertidumbre y temor en Pihuamo, donde la comunidad clama por justicia y seguridad.<\/p>\n\n\n\n<p>En medio de esto las autoridades locales se comprometen a trabajar para identificar a los responsables y llevarlos ante la justicia, mientras que la sociedad exige medidas contundentes para frenar la espiral de violencia que ha cobrado la vida de uno de sus representantes m\u00e1s prominentes.<\/p>\n\n\n\n<p>Ya se investigan los hechos<\/p>\n\n\n\n<p>El comunicado detalla que alrededor de las 22:52 horas, agentes de la polic\u00eda municipal acudieron al lugar del incidente, donde descubrieron a un individuo dentro de un veh\u00edculo con aparentes heridas de bala. Los param\u00e9dicos municipales que llegaron al sitio confirmaron la falta de signos vitales en la v\u00edctima.<\/p>\n\n\n\n<p>Las autoridades locales procedieron entonces a asegurar la zona, preservar evidencia y realizar los informes policiales pertinentes bajo la direcci\u00f3n de la Fiscal\u00eda del Estado.<\/p>\n\n\n\n<p>Este suceso se produce en un contexto donde, en diciembre de 2023, la Secretar\u00eda de Marina llev\u00f3 a cabo un operativo en una vivienda de la comunidad Los Naranjos, en el mismo municipio.<\/p>\n\n\n\n<p>Aunque no se realizaron detenciones en esa acci\u00f3n militar, se confiscaron ocho viviendas, algunas de las cuales exhib\u00edan lujosos interiores y grandes cocheras. Adem\u00e1s, durante el operativo se decomisaron armas, municiones, veh\u00edculos de calle y todoterreno, as\u00ed como animales ex\u00f3ticos, entre ellos un jaguar.<\/p>\n\n\n\n<p>La presencia de las fuerzas militares en la zona ha generado controversia entre algunos habitantes del municipio, quienes han organizado manifestaciones para exigir su retirada, argumentando supuestos abusos contra la poblaci\u00f3n civil.<\/p>\n\n\n\n<p>Humberto Amezcua Bautista fue el presidente municipal de Pihuamo, Jalisco. Naci\u00f3 en la Comunidad de la Estrella de Pihuamo, Jalisco, el 6 de Septiembre de 1950. Desde el 1 de Octubre de 2021, gracias a la confianza de la mayor\u00eda de Pihuamenses, ocup\u00f3 el cargo de la presidencia municipal.<\/p>\n\n\n\n<p>(Informaci\u00f3n de Infobae M\u00e9xico)<\/p>\n","protected":false},"excerpt":{"rendered":"<p>Redacci\u00f3n\/Zona Roja Cdmx. Ciudad de M\u00e9xico, a 16 de marzo de 2024.- El pasado viernes&hellip;<\/p>\n","protected":false},"author":2,"featured_media":66315,"comment_status":"closed","ping_status":"open","sticky":false,"template":"","format":"standard","meta":{"_lmt_disableupdate":"","_lmt_disable":"","_jetpack_memberships_contains_paid_content":false,"footnotes":""},"categories":[109,47],"tags":[3564],"class_list":["post-66314","post","type-post","status-publish","format-standard","has-post-thumbnail","hentry","category-minuto-a-minuto","category-zona-gris","tag-jalisco"],"jetpack_featured_media_url":"https:\/\/zonaroja.com.mx\/wp-content\/uploads\/2024\/03\/Humberto-Amezcua-edil-Pihuamo-Jalisco.tiff","jetpack_sharing_enabled":true,"_links":{"self":[{"href":"https:\/\/zonaroja.com.mx\/index.php?rest_route=\/wp\/v2\/posts\/66314","targetHints":{"allow":["GET"]}}],"collection":[{"href":"https:\/\/zonaroja.com.mx\/index.php?rest_route=\/wp\/v2\/posts"}],"about":[{"href":"https:\/\/zonaroja.com.mx\/index.php?rest_route=\/wp\/v2\/types\/post"}],"author":[{"embeddable":true,"href":"https:\/\/zonaroja.com.mx\/index.php?rest_route=\/wp\/v2\/users\/2"}],"replies":[{"embeddable":true,"href":"https:\/\/zonaroja.com.mx\/index.php?rest_route=%2Fwp%2Fv2%2Fcomments&post=66314"}],"version-history":[{"count":1,"href":"https:\/\/zonaroja.com.mx\/index.php?rest_route=\/wp\/v2\/posts\/66314\/revisions"}],"predecessor-version":[{"id":66316,"href":"https:\/\/zonaroja.com.mx\/index.php?rest_route=\/wp\/v2\/posts\/66314\/revisions\/66316"}],"wp:featuredmedia":[{"embeddable":true,"href":"https:\/\/zonaroja.com.mx\/index.php?rest_route=\/wp\/v2\/media\/66315"}],"wp:attachment":[{"href":"https:\/\/zonaroja.com.mx\/index.php?rest_route=%2Fwp%2Fv2%2Fmedia&parent=66314"}],"wp:term":[{"taxonomy":"category","embeddable":true,"href":"https:\/\/zonaroja.com.mx\/index.php?rest_route=%2Fwp%2Fv2%2Fcategories&post=66314"},{"taxonomy":"post_tag","embeddable":true,"href":"https:\/\/zonaroja.com.mx\/index.php?rest_route=%2Fwp%2Fv2%2Ftags&post=66314"}],"curies":[{"name":"wp","href":"https:\/\/api.w.org\/{rel}","templated":true}]}}