{"id":66318,"date":"2024-03-16T18:28:16","date_gmt":"2024-03-17T00:28:16","guid":{"rendered":"http:\/\/www.zonaroja.com.mx\/?p=66318"},"modified":"2024-03-16T18:28:17","modified_gmt":"2024-03-17T00:28:17","slug":"designacion-de-candidatos-de-morena-a-diputaciones-causa-rechazo","status":"publish","type":"post","link":"https:\/\/zonaroja.com.mx\/?p=66318","title":{"rendered":"Designaci\u00f3n de candidatos de Morena a diputaciones causa rechazo"},"content":{"rendered":"\n<p>Yuridiana Sosa\/Zona Roja. Foto: Archivo.<\/p>\n\n\n\n<p>Oaxaca de Ju\u00e1rez, Oax., 16 de marzo de 2024.- Las designaciones de candidatos y candidatas de Morena y partidos aliados a las diputaciones locales han causado controversia y rechazo de diferentes grupos sociales, como el caso de la Secci\u00f3n 22 del SNTE y personas con discapacidad,&nbsp; por el mal uso de sus sectores.<\/p>\n\n\n\n<p>La comunidad de personas con discapacidad conden\u00f3 el nombramiento de Elvira Gabriela P\u00e9rez L\u00f3pez como candidata a la diputaci\u00f3n por el distrito 14, con cabecera en Villa de Etla, como una acci\u00f3n afirmativa en representaci\u00f3n de las personas con discapacidad.<\/p>\n\n\n\n<p>Pues la actual legisladora, a quien no reconocen como parte de su comunidad en la entidad, estar\u00eda ocupando el espacio que legal y electoralmente corresponde a una personas de ese sector vulnerable.<\/p>\n\n\n\n<p>La tarde de este viernes la coalici\u00f3n \u201cSigamos Haciendo Historia\u201d en Oaxaca public\u00f3 la lista oficial de las designaciones, con la que la diputada ex priista y ahora perteneciente al Partido Verde Ecologista de M\u00e9xico \u2013aliado de Morena- busca la reelecci\u00f3n.<\/p>\n\n\n\n<p>En el pasado proceso electoral, la hija del ex candidato a gobernador y ex l\u00edder del PRI Eviel P\u00e9rez, ocup\u00f3 una curul en la bancada del PRI por representaci\u00f3n proporcional, representando al sector joven.<\/p>\n\n\n\n<p>SECCI\u00d3N 22 RECHAZA<\/p>\n\n\n\n<p>Por su parte, la Secci\u00f3n 22 del Sindicato Nacional de Trabajadores de la Educaci\u00f3n (SNTE) se deslind\u00f3 de los espacios otorgados supuestamente a este gremio para las candidaturas de diputados locales por la coalici\u00f3n \u201cSigamos Haciendo Historia\u201d, en Oaxaca.<\/p>\n\n\n\n<p>De esa forma rechazaron que Mar\u00eda Francisca Antonio Santiago, candidata por el distrito 19 de Ciudad Ixtepec, y ex presidenta municipal de San Pedro Comitancillo, como representante del sector.<\/p>\n\n\n\n<p>En la lista que se dio a conocer este viernes, el espacio de Antonio Santiago, conocida como \u201cMaestra Paquita\u201d, fue se\u00f1alado como de la Secci\u00f3n 22 del SNTE, correspondiente a la acci\u00f3n afirmativa de ind\u00edgena.<\/p>\n\n\n\n<p>Por lo que el gremio, adherido a la Coordinadora Nacional de Trabajadores de la Educaci\u00f3n recalc\u00f3 que no cuenta con participaciones en los espacios de poder local y nacional, por lo que desconocen a los personajes que buscan diputaciones locales, federales o cualquier participaci\u00f3n en la administraci\u00f3n p\u00fablica a nombre de la gremial.<\/p>\n\n\n\n<p>Ante eso, rechazaron tambi\u00e9n a la persona que ser\u00e1 designada como candidata a la diputaci\u00f3n con cabecera en Puerto Escondido, por la alianza \u201cFuerza por M\u00e9xico\u201d, pues aunque a\u00fan se desconoce el nombre, en la lista que se filtr\u00f3 se\u00f1ala que la referencia de esta designaci\u00f3n, a una mujer, corresponde a la Secci\u00f3n 22.<\/p>\n\n\n\n<p>&nbsp;\u201cCondenamos rotundamente el uso de un Movimiento Democr\u00e1tico con m\u00e1s de 44 a\u00f1os de lucha sea utilizado para fines e intereses personales\u201d, apunt\u00f3 desde su posicionamiento pol\u00edtico. &nbsp;<\/p>\n","protected":false},"excerpt":{"rendered":"<p>Yuridiana Sosa\/Zona Roja. Foto: Archivo. Oaxaca de Ju\u00e1rez, Oax., 16 de marzo de 2024.- Las&hellip;<\/p>\n","protected":false},"author":2,"featured_media":51616,"comment_status":"closed","ping_status":"open","sticky":false,"template":"","format":"standard","meta":{"_lmt_disableupdate":"","_lmt_disable":"","_jetpack_memberships_contains_paid_content":false,"footnotes":""},"categories":[109,47],"tags":[312],"class_list":["post-66318","post","type-post","status-publish","format-standard","has-post-thumbnail","hentry","category-minuto-a-minuto","category-zona-gris","tag-seccion-22-del-snte"],"jetpack_featured_media_url":"https:\/\/zonaroja.com.mx\/wp-content\/uploads\/2023\/02\/b30035d8-05ff-49ab-80e0-5729da4a316a.jpg","jetpack_sharing_enabled":true,"_links":{"self":[{"href":"https:\/\/zonaroja.com.mx\/index.php?rest_route=\/wp\/v2\/posts\/66318","targetHints":{"allow":["GET"]}}],"collection":[{"href":"https:\/\/zonaroja.com.mx\/index.php?rest_route=\/wp\/v2\/posts"}],"about":[{"href":"https:\/\/zonaroja.com.mx\/index.php?rest_route=\/wp\/v2\/types\/post"}],"author":[{"embeddable":true,"href":"https:\/\/zonaroja.com.mx\/index.php?rest_route=\/wp\/v2\/users\/2"}],"replies":[{"embeddable":true,"href":"https:\/\/zonaroja.com.mx\/index.php?rest_route=%2Fwp%2Fv2%2Fcomments&post=66318"}],"version-history":[{"count":1,"href":"https:\/\/zonaroja.com.mx\/index.php?rest_route=\/wp\/v2\/posts\/66318\/revisions"}],"predecessor-version":[{"id":66319,"href":"https:\/\/zonaroja.com.mx\/index.php?rest_route=\/wp\/v2\/posts\/66318\/revisions\/66319"}],"wp:featuredmedia":[{"embeddable":true,"href":"https:\/\/zonaroja.com.mx\/index.php?rest_route=\/wp\/v2\/media\/51616"}],"wp:attachment":[{"href":"https:\/\/zonaroja.com.mx\/index.php?rest_route=%2Fwp%2Fv2%2Fmedia&parent=66318"}],"wp:term":[{"taxonomy":"category","embeddable":true,"href":"https:\/\/zonaroja.com.mx\/index.php?rest_route=%2Fwp%2Fv2%2Fcategories&post=66318"},{"taxonomy":"post_tag","embeddable":true,"href":"https:\/\/zonaroja.com.mx\/index.php?rest_route=%2Fwp%2Fv2%2Ftags&post=66318"}],"curies":[{"name":"wp","href":"https:\/\/api.w.org\/{rel}","templated":true}]}}