{"id":66320,"date":"2024-03-16T18:30:57","date_gmt":"2024-03-17T00:30:57","guid":{"rendered":"http:\/\/www.zonaroja.com.mx\/?p=66320"},"modified":"2024-03-16T18:30:59","modified_gmt":"2024-03-17T00:30:59","slug":"imponen-candidata-en-salina-cruz-pese-a-que-daniel-mendez-era-el-mas-indicado","status":"publish","type":"post","link":"https:\/\/zonaroja.com.mx\/?p=66320","title":{"rendered":"Imponen candidata en Salina Cruz, pese a que Daniel M\u00e9ndez era el m\u00e1s indicado"},"content":{"rendered":"\n<p>Yuridiana Sosa\/Zona Roja.<\/p>\n\n\n\n<p>Oaxaca de Ju\u00e1rez, Oax., 16 de marzo d 2024.- El partido Morena impuso como candidata a la presidencia municipal de Salina Cruz a Yesenia Nolasco Ram\u00edrez&nbsp; pese a que el actual edil, -que busca la reelecci\u00f3n- Daniel M\u00e9ndez Sosa, cont\u00f3 con mayores resultados a su favor en las encuestas de intenci\u00f3n de votos con varios puntos por encima de la reci\u00e9n designada.<\/p>\n\n\n\n<p>As\u00ed tambi\u00e9n la coalici\u00f3n \u201cSigamos Haciendo Historia\u201d, ignor\u00f3 que el actual presidente cuenta con calificaciones destacadas sobre su desempe\u00f1o, para beneficiar a la ex subsecretaria de Fortalecimiento Municipal de la Secretar\u00eda de Gobierno (Sego) y diputada local.<\/p>\n\n\n\n<p>Las encuestas de la Comisi\u00f3n Nacional de Elecciones de Morena para la presidencia de Salina Cruz, por &nbsp;MERCAEI, dan como el mejor posicionado fue Daniel M\u00e9ndez Sosa.<\/p>\n\n\n\n<p>En la pregunta: \u201cConsidera buen candidato para presidente municipal de Salina Cruz\u201d, Daniel M\u00e9ndez result\u00f3 con el 53.4 por ciento a su favor, sobre los 11.1 por ciento que obtuvo Yesenia Nolasco.<\/p>\n\n\n\n<p>Sobre a qui\u00e9n prefer\u00edan los votantes, M\u00e9ndez Sosa logr\u00f3 el 60.7 por ciento de la preferencia y Nolasco Ram\u00edrez el 14. 5 por ciento. Y a la pregunta, \u201cSi hoy fueran las elecciones, por qui\u00e9n votar\u00edas\u201d, Daniel M\u00e9ndez gan\u00f3 con el 67.2 por ciento sobre el resto de candidatos de otros partidos.<\/p>\n\n\n\n<p>El trabajo del edil de Salina Cruz fue reconocido por el Presidente de la Rep\u00fablica, Andr\u00e9s Manuel L\u00f3pez Obrador, quien en la ma\u00f1anera del 18 de enero de este a\u00f1o, refiri\u00f3: \u201cEl presidente municipal de Salina Cruz es un muy buen presidente municipal\u201d.<\/p>\n\n\n\n<p>Pero el desempe\u00f1o de Daniel M\u00e9ndez tambi\u00e9n fue evaluado por la encuestadora Mitofsky, que en junio de 2023 lo coloc\u00f3 en primer lugar entre los presidentes municipales de Juchit\u00e1n de Zaragoza y Oaxaca de Ju\u00e1rez; en diciembre de 2022 entre los mejores de M\u00e9xico con el 44.9 por ciento de aprobaci\u00f3n y en agosto de ese a\u00f1o, con el 45.7 por ciento de aprobaci\u00f3n, sobre el edil da la capital que recibi\u00f3 36.7 por ciento.&nbsp;<\/p>\n","protected":false},"excerpt":{"rendered":"<p>Yuridiana Sosa\/Zona Roja. Oaxaca de Ju\u00e1rez, Oax., 16 de marzo d 2024.- El partido Morena&hellip;<\/p>\n","protected":false},"author":2,"featured_media":57362,"comment_status":"closed","ping_status":"open","sticky":false,"template":"","format":"standard","meta":{"_lmt_disableupdate":"","_lmt_disable":"","_jetpack_memberships_contains_paid_content":false,"footnotes":""},"categories":[109,47],"tags":[2738],"class_list":["post-66320","post","type-post","status-publish","format-standard","has-post-thumbnail","hentry","category-minuto-a-minuto","category-zona-gris","tag-daniel-mendez-sosa"],"jetpack_featured_media_url":"https:\/\/zonaroja.com.mx\/wp-content\/uploads\/2023\/07\/Daniel-Mendez-Sosa-Salina-Cruz.jpeg","jetpack_sharing_enabled":true,"_links":{"self":[{"href":"https:\/\/zonaroja.com.mx\/index.php?rest_route=\/wp\/v2\/posts\/66320","targetHints":{"allow":["GET"]}}],"collection":[{"href":"https:\/\/zonaroja.com.mx\/index.php?rest_route=\/wp\/v2\/posts"}],"about":[{"href":"https:\/\/zonaroja.com.mx\/index.php?rest_route=\/wp\/v2\/types\/post"}],"author":[{"embeddable":true,"href":"https:\/\/zonaroja.com.mx\/index.php?rest_route=\/wp\/v2\/users\/2"}],"replies":[{"embeddable":true,"href":"https:\/\/zonaroja.com.mx\/index.php?rest_route=%2Fwp%2Fv2%2Fcomments&post=66320"}],"version-history":[{"count":1,"href":"https:\/\/zonaroja.com.mx\/index.php?rest_route=\/wp\/v2\/posts\/66320\/revisions"}],"predecessor-version":[{"id":66321,"href":"https:\/\/zonaroja.com.mx\/index.php?rest_route=\/wp\/v2\/posts\/66320\/revisions\/66321"}],"wp:featuredmedia":[{"embeddable":true,"href":"https:\/\/zonaroja.com.mx\/index.php?rest_route=\/wp\/v2\/media\/57362"}],"wp:attachment":[{"href":"https:\/\/zonaroja.com.mx\/index.php?rest_route=%2Fwp%2Fv2%2Fmedia&parent=66320"}],"wp:term":[{"taxonomy":"category","embeddable":true,"href":"https:\/\/zonaroja.com.mx\/index.php?rest_route=%2Fwp%2Fv2%2Fcategories&post=66320"},{"taxonomy":"post_tag","embeddable":true,"href":"https:\/\/zonaroja.com.mx\/index.php?rest_route=%2Fwp%2Fv2%2Ftags&post=66320"}],"curies":[{"name":"wp","href":"https:\/\/api.w.org\/{rel}","templated":true}]}}