{"id":66333,"date":"2024-03-17T09:50:00","date_gmt":"2024-03-17T15:50:00","guid":{"rendered":"http:\/\/www.zonaroja.com.mx\/?p=66333"},"modified":"2024-03-17T06:55:34","modified_gmt":"2024-03-17T12:55:34","slug":"acusan-falta-de-justicia-a-tres-anos-de-asesinato-de-defensores-de-rio-verde-jamiltepec","status":"publish","type":"post","link":"https:\/\/zonaroja.com.mx\/?p=66333","title":{"rendered":"Acusan falta de justicia a tres a\u00f1os de asesinato de defensores de R\u00edo Verde, Jamiltepec"},"content":{"rendered":"\n<p>Yuridiana Sosa\/Zona Roja. Foto: Archivo<\/p>\n\n\n\n<p>Oaxaca de Ju\u00e1rez, Oax., 17 de marzo de 2024.- A tres a\u00f1os del asesinato de sus compa\u00f1eros en Santiago Jamiltepec, por la defensa de r\u00edo \u201cVerde\u201d, el Consejo de Pueblos por la Defensa del R\u00edo Verde (Copudever) conden\u00f3 la impunidad en el caso.<\/p>\n\n\n\n<p>Familiares y activistas exigieron justicia por Raymundo Robles Ria\u00f1o, No\u00e9 Robles Cruz y Gerardo Mendoza Reyes, quienes fueron asesinados el 15 de marzo de 2021 en el barrio Chico de Paso de la Reyna, Jamiltepec.<\/p>\n\n\n\n<p>Sin embargo, desde ese entonces sus familiares desconocen los avances en las investigaciones del caso y el estado que guardan las carpetas de investigaci\u00f3n, por lo que se\u00f1alan violaciones a su derecho de acceso a la justicia.<\/p>\n\n\n\n<p>Pero los hechos contra la organizaci\u00f3n Copudever continuaron, pues en el transcurso de esos tres a\u00f1os, han ocurrido m\u00e1s cr\u00edmenes contra defensores del territorio en la regi\u00f3n de la Costa de Oaxaca.<\/p>\n\n\n\n<p>Fidel Heras Cruz, Jaime Jim\u00e9nez Ruiz y Filogonio Mart\u00ednez Merino, tambi\u00e9n fueron asesinados, todos fueron ex autoridades de Paso de la Reina e integrantes del Consejo de Pueblos por la Defensa del R\u00edo Verde.&nbsp;<\/p>\n\n\n\n<p>En ese sentido, la organizaci\u00f3n se\u00f1al\u00f3 que los defensores han sido una piedra en el zapato para el gobierno federal en la realizaci\u00f3n de sus megaproyectos, para la Comisi\u00f3n Federal de Electricidad (CFE) y para la empresa Generaci\u00f3n Enersi S.A. de C.V.<\/p>\n\n\n\n<p>As\u00ed como para los caciques locales acostumbrados a imponer sus condiciones y adue\u00f1arse de los bienes naturales de las comunidades ind\u00edgenas, todos con el prop\u00f3sito de construir dos presas hidroel\u00e9ctricas en el cauce del r\u00edo \u201cVerde\u201d.<\/p>\n","protected":false},"excerpt":{"rendered":"<p>Yuridiana Sosa\/Zona Roja. Foto: Archivo Oaxaca de Ju\u00e1rez, Oax., 17 de marzo de 2024.- A&hellip;<\/p>\n","protected":false},"author":2,"featured_media":24697,"comment_status":"closed","ping_status":"open","sticky":false,"template":"","format":"standard","meta":{"_lmt_disableupdate":"","_lmt_disable":"","_jetpack_memberships_contains_paid_content":false,"footnotes":""},"categories":[109,47],"tags":[2397],"class_list":["post-66333","post","type-post","status-publish","format-standard","has-post-thumbnail","hentry","category-minuto-a-minuto","category-zona-gris","tag-paso-de-la-reyna-jamiltepec"],"jetpack_featured_media_url":"https:\/\/zonaroja.com.mx\/wp-content\/uploads\/2021\/03\/Paso-de-la-Reyna.jpeg","jetpack_sharing_enabled":true,"_links":{"self":[{"href":"https:\/\/zonaroja.com.mx\/index.php?rest_route=\/wp\/v2\/posts\/66333","targetHints":{"allow":["GET"]}}],"collection":[{"href":"https:\/\/zonaroja.com.mx\/index.php?rest_route=\/wp\/v2\/posts"}],"about":[{"href":"https:\/\/zonaroja.com.mx\/index.php?rest_route=\/wp\/v2\/types\/post"}],"author":[{"embeddable":true,"href":"https:\/\/zonaroja.com.mx\/index.php?rest_route=\/wp\/v2\/users\/2"}],"replies":[{"embeddable":true,"href":"https:\/\/zonaroja.com.mx\/index.php?rest_route=%2Fwp%2Fv2%2Fcomments&post=66333"}],"version-history":[{"count":1,"href":"https:\/\/zonaroja.com.mx\/index.php?rest_route=\/wp\/v2\/posts\/66333\/revisions"}],"predecessor-version":[{"id":66334,"href":"https:\/\/zonaroja.com.mx\/index.php?rest_route=\/wp\/v2\/posts\/66333\/revisions\/66334"}],"wp:featuredmedia":[{"embeddable":true,"href":"https:\/\/zonaroja.com.mx\/index.php?rest_route=\/wp\/v2\/media\/24697"}],"wp:attachment":[{"href":"https:\/\/zonaroja.com.mx\/index.php?rest_route=%2Fwp%2Fv2%2Fmedia&parent=66333"}],"wp:term":[{"taxonomy":"category","embeddable":true,"href":"https:\/\/zonaroja.com.mx\/index.php?rest_route=%2Fwp%2Fv2%2Fcategories&post=66333"},{"taxonomy":"post_tag","embeddable":true,"href":"https:\/\/zonaroja.com.mx\/index.php?rest_route=%2Fwp%2Fv2%2Ftags&post=66333"}],"curies":[{"name":"wp","href":"https:\/\/api.w.org\/{rel}","templated":true}]}}