{"id":66335,"date":"2024-03-17T10:55:00","date_gmt":"2024-03-17T16:55:00","guid":{"rendered":"http:\/\/www.zonaroja.com.mx\/?p=66335"},"modified":"2024-03-17T07:05:13","modified_gmt":"2024-03-17T13:05:13","slug":"en-guerrero-han-desaparecido-a-asesinado-a-11-normalistas-y-desaparecido-a-43","status":"publish","type":"post","link":"https:\/\/zonaroja.com.mx\/?p=66335","title":{"rendered":"En Guerrero han desaparecido a asesinado a 11 normalistas y desaparecido a 43"},"content":{"rendered":"\n<p>Redacci\u00f3n\/Zona Roja Cdmx.<\/p>\n\n\n\n<p>Ciudad de M\u00e9xico, a 18 de marzo de 2024.- La se\u00f1ora Lilia Vianey G\u00f3mez, madre de Yanqui Koth\u00e1n G\u00f3mez Peralta, cuestion\u00f3 al Gobierno Federal sobre \u00absi es delito ser pobre\u00bb, pues se\u00f1al\u00f3 que ya son varios casos de estudiantes \u00abhumildes\u00bb a quienes se les arrebata la vida.<\/p>\n\n\n\n<p>Tanto la madre del estudiante de Ayotzinapa asesinado el pasado 7 de marzo por polic\u00edas estatales, como estudiantes de la Normal Rural de Ayotzinapa, y maestros de la Coordinadora Estatal de Trabajadores de la Educaci\u00f3n, llevaron a cabo ayer una marcha por distintas calles de la ciudad, hasta llegar a la glorieta de Las Banderas, donde se encuentra el antimonumento a los 43 estudiantes desaparecidos en septiembre del 2014.<\/p>\n\n\n\n<p>Ah\u00ed, los estudiantes reclamaron que ya son 11 los estudiantes asesinados por el Estado y 43 desaparecidos en gobiernos estatales del PRI, PRD y ahora de Morena, \u00abquienes con manipulaci\u00f3n y la intenci\u00f3n de criminalizar la movilizaci\u00f3n estudiantil han querido culpar a los estudiantes de hechos de violencia\u00bb.<\/p>\n\n\n\n<p>En su protesta, los normalistas de Ayotzinapa reconocieron como algo positivo que fueron destituidos los secretarios de Seguridad P\u00fablica, Rolando Rivera Solano, el General de Gobierno, Ludwig Reynoso N\u00fa\u00f1ez, y la fiscal General del Estado, Sandra Luz Valdovinos Salmer\u00f3n, y advirtieron que, si no se resuelve el caso, tambi\u00e9n pedir\u00e1n que sea destituida la gobernadora Evelyn Salgado Pineda.<\/p>\n\n\n\n<p>PODERES REBASADOS<\/p>\n\n\n\n<p>Dijeron que en Guerrero los poderes del estado no funcionan, \u00abel Poder Legislativo guard\u00f3 silencio ante el homicidio del estudiante\u00bb.<\/p>\n\n\n\n<p>Insistieron en la inoperancia de las autoridades locales, tan es as\u00ed que fue necesario que el caso fuera atra\u00eddo por la federaci\u00f3n, \u00abporque aqu\u00ed no quisieron encarcelar a los polic\u00edas, a los autores materiales del caso\u00bb.<\/p>\n\n\n\n<p>Exigieron a las autoridades federales investigar el caso y que no haya impunidad, que todos los funcionarios responsables sean juzgados y llevados ante la justicia.<\/p>\n\n\n\n<p>\u00abInsisten en criminalizarnos y nos quieren cerrar nuestra Escuela, mejor que analicen los funcionarios y diputados lo que no han hecho bien\u00bb, dijeron.<\/p>\n\n\n\n<p>Reprocharon que desde el Congreso Local se pida que se cierre la Normal de Ayotzinapa, \u00ablo que deben hacer es investigar a quienes son sus diputados\u00bb, y la productividad que tienen desde sus curules.<\/p>\n\n\n\n<p>Posteriormente, los manifestantes continuaron en marcha hasta el libramiento a Tixtla, donde perdi\u00f3 la vida el estudiante koth\u00e1n G\u00f3mez.<\/p>\n\n\n\n<p>Ah\u00ed reiteraron su exigencia a las autoridades federales de llevar las investigaciones correspondientes hasta que los responsables del homicidio del normalista paguen por el delito que cometieron.<\/p>\n","protected":false},"excerpt":{"rendered":"<p>Redacci\u00f3n\/Zona Roja Cdmx. Ciudad de M\u00e9xico, a 18 de marzo de 2024.- La se\u00f1ora Lilia&hellip;<\/p>\n","protected":false},"author":2,"featured_media":66336,"comment_status":"closed","ping_status":"open","sticky":false,"template":"","format":"standard","meta":{"_lmt_disableupdate":"","_lmt_disable":"","_jetpack_memberships_contains_paid_content":false,"footnotes":""},"categories":[109,47],"tags":[3865],"class_list":["post-66335","post","type-post","status-publish","format-standard","has-post-thumbnail","hentry","category-minuto-a-minuto","category-zona-gris","tag-yanqui-khotan"],"jetpack_featured_media_url":"https:\/\/zonaroja.com.mx\/wp-content\/uploads\/2024\/03\/Marcha-Ayotzinapa-Kothan-Yanqui.jpg","jetpack_sharing_enabled":true,"_links":{"self":[{"href":"https:\/\/zonaroja.com.mx\/index.php?rest_route=\/wp\/v2\/posts\/66335","targetHints":{"allow":["GET"]}}],"collection":[{"href":"https:\/\/zonaroja.com.mx\/index.php?rest_route=\/wp\/v2\/posts"}],"about":[{"href":"https:\/\/zonaroja.com.mx\/index.php?rest_route=\/wp\/v2\/types\/post"}],"author":[{"embeddable":true,"href":"https:\/\/zonaroja.com.mx\/index.php?rest_route=\/wp\/v2\/users\/2"}],"replies":[{"embeddable":true,"href":"https:\/\/zonaroja.com.mx\/index.php?rest_route=%2Fwp%2Fv2%2Fcomments&post=66335"}],"version-history":[{"count":1,"href":"https:\/\/zonaroja.com.mx\/index.php?rest_route=\/wp\/v2\/posts\/66335\/revisions"}],"predecessor-version":[{"id":66337,"href":"https:\/\/zonaroja.com.mx\/index.php?rest_route=\/wp\/v2\/posts\/66335\/revisions\/66337"}],"wp:featuredmedia":[{"embeddable":true,"href":"https:\/\/zonaroja.com.mx\/index.php?rest_route=\/wp\/v2\/media\/66336"}],"wp:attachment":[{"href":"https:\/\/zonaroja.com.mx\/index.php?rest_route=%2Fwp%2Fv2%2Fmedia&parent=66335"}],"wp:term":[{"taxonomy":"category","embeddable":true,"href":"https:\/\/zonaroja.com.mx\/index.php?rest_route=%2Fwp%2Fv2%2Fcategories&post=66335"},{"taxonomy":"post_tag","embeddable":true,"href":"https:\/\/zonaroja.com.mx\/index.php?rest_route=%2Fwp%2Fv2%2Ftags&post=66335"}],"curies":[{"name":"wp","href":"https:\/\/api.w.org\/{rel}","templated":true}]}}