{"id":66338,"date":"2024-03-17T12:00:00","date_gmt":"2024-03-17T18:00:00","guid":{"rendered":"http:\/\/www.zonaroja.com.mx\/?p=66338"},"modified":"2024-03-17T07:09:40","modified_gmt":"2024-03-17T13:09:40","slug":"desde-el-senado-piden-al-poder-judicial-de-oaxaca-liberar-a-presos-de-eloxochitlan","status":"publish","type":"post","link":"https:\/\/zonaroja.com.mx\/?p=66338","title":{"rendered":"Desde el Senado, piden al Poder Judicial de Oaxaca liberar a presos de Eloxochitl\u00e1n"},"content":{"rendered":"\n<p>Redacci\u00f3n\/Zona Roja Cdmx.<\/p>\n\n\n\n<p>Ciudad de M\u00e9xico, a 17 de marzo de 2024.- En reciente conferencia de prensa en el Senado de la Rep\u00fablica, la senadora Nestora Salgado Garc\u00eda hizo un llamado al Tribunal Superior de Justicia de Oaxaca, para que conceda la libertad de Alfredo Bola\u00f1os, Francisco Dur\u00e1n, Fernando Gavito y Marcelino Miram\u00f3n, ind\u00edgenas presos del municipio Eloxochitl\u00e1n de Flores Mag\u00f3n en el estado de Oaxaca.<\/p>\n\n\n\n<p>Pidi\u00f3 sensibilidad, empat\u00eda y compromiso de la instancia para brindar justicia y para que a la brevedad queden en libertad los ind\u00edgenas.&nbsp;<\/p>\n\n\n\n<p>Alejandra Garc\u00eda Mart\u00ednez, esposa de Marcelino Miram\u00f3n, dijo que \u00e9l est\u00e1 preso desde el 22 de mayo de 2023, lo detuvieron porque se organizaban con familiares para sembrar ma\u00edz y caf\u00e9, y a pesar de que consigui\u00f3 un amparo en diciembre pasado, el recurso fue sometido a revisi\u00f3n, por lo que contin\u00faa encarcelado.<\/p>\n\n\n\n<p>Mientras la hija de Hermino Monfil llam\u00f3 a las y los senadores a poner fin a \u201cla tortura que se vive en la comunidad mazateca\u201d de Eloxochitl\u00e1n de Flores Mag\u00f3n, desde hace nueve a\u00f1os.<\/p>\n\n\n\n<p>La legisladora de Morena record\u00f3 que ella tambi\u00e9n fue encarcelada injustamente, por la fabricaci\u00f3n de delitos y se\u00f1al\u00f3 que \u201cel problema est\u00e1 en las fiscal\u00edas que no investigan, que no hacen su trabajo y s\u00f3lo incriminan por sacar buenos resultados, encarcelando a inocentes y fabricando culpables y delitos como si fuera el pan de cada d\u00eda\u201d.<\/p>\n\n\n\n<p>Coment\u00f3 que \u201cla fabricaci\u00f3n de culpables es como una pel\u00edcula\u201d, que inicia con la detenci\u00f3n ilegal y arbitraria, cuya trama contin\u00faa con la construcci\u00f3n de falsos delitos por parte de las autoridades y con la siembra de evidencias incriminatorias, y al final se justifica la legalidad de las detenciones.<\/p>\n\n\n\n<p>Nestora Salgado afirm\u00f3 que continuar\u00e1 con su lucha por la liberaci\u00f3n de todos los presos pol\u00edticos y de personas que injustamente se encuentran en prisi\u00f3n, \u201cno podemos permitir que se fabriquen delitos y se incriminen a personas ind\u00edgenas\u201d.<\/p>\n\n\n\n<p>Por otra parte, la senadora celebr\u00f3 la liberaci\u00f3n de Herminio Monfil y Jaime Betanzos, dos personas de comunidades ind\u00edgenas que estuvieron presos durante nueve a\u00f1os y que durante ese tiempo no fueron sentenciados. Ahora en libertad espera se dice pronto sentencia que reconozca su inocencia.<\/p>\n\n\n\n<p>Se\u00f1alo que Herminio Monfil no estuvo presente, ya que a\u00fan sigue su proceso en libertad y se espera que pronto se dicte una sentencia, la cual reconozca la inocencia de Herminio y de Jaime Betanzos.<\/p>\n\n\n\n<p>La senadora sostuvo que estas personas son inocentes, pero tambi\u00e9n son v\u00edctimas de un sistema de justicia sordo, ante los reclamos de las familias que exigen la libertad de quienes no han cometido un delito.<\/p>\n\n\n\n<p>La senadora de Morena por el estado de Guerrero, Nestora Salgado, en entrevista posterior, admiti\u00f3 que nunca como ahora se hab\u00eda visto en Olinal\u00e1, Guerrero, a ni\u00f1os y ni\u00f1as caminando entre cuerpos despedazados, aun cuando la violencia en el estado tiene muchos a\u00f1os.<\/p>\n\n\n\n<p>Consider\u00f3 que hay que poner los ojos en Guerrero y aunque no admiti\u00f3 el cuestionamiento de que era un estado fallido, mencion\u00f3 que no ha sido recibida ni por la gobernadora Evelyn Salgado ni por el presidente, y se pregunt\u00f3 \u00bfC\u00f3mo resolvemos?, cuando ella misma est\u00e1 amenazada de muerte y ha hecho denuncias y no pasa nada.&nbsp;<\/p>\n\n\n\n<p>(Informaci\u00f3n de SemM\u00e9xico)<\/p>\n","protected":false},"excerpt":{"rendered":"<p>Redacci\u00f3n\/Zona Roja Cdmx. Ciudad de M\u00e9xico, a 17 de marzo de 2024.- En reciente conferencia&hellip;<\/p>\n","protected":false},"author":2,"featured_media":66339,"comment_status":"closed","ping_status":"open","sticky":false,"template":"","format":"standard","meta":{"_lmt_disableupdate":"","_lmt_disable":"","_jetpack_memberships_contains_paid_content":false,"footnotes":""},"categories":[109,47],"tags":[719],"class_list":["post-66338","post","type-post","status-publish","format-standard","has-post-thumbnail","hentry","category-minuto-a-minuto","category-zona-gris","tag-eloxochitlan-de-flores-magon"],"jetpack_featured_media_url":"https:\/\/zonaroja.com.mx\/wp-content\/uploads\/2024\/03\/Senado-conferencia-Eloxochitan.jpeg","jetpack_sharing_enabled":true,"_links":{"self":[{"href":"https:\/\/zonaroja.com.mx\/index.php?rest_route=\/wp\/v2\/posts\/66338","targetHints":{"allow":["GET"]}}],"collection":[{"href":"https:\/\/zonaroja.com.mx\/index.php?rest_route=\/wp\/v2\/posts"}],"about":[{"href":"https:\/\/zonaroja.com.mx\/index.php?rest_route=\/wp\/v2\/types\/post"}],"author":[{"embeddable":true,"href":"https:\/\/zonaroja.com.mx\/index.php?rest_route=\/wp\/v2\/users\/2"}],"replies":[{"embeddable":true,"href":"https:\/\/zonaroja.com.mx\/index.php?rest_route=%2Fwp%2Fv2%2Fcomments&post=66338"}],"version-history":[{"count":1,"href":"https:\/\/zonaroja.com.mx\/index.php?rest_route=\/wp\/v2\/posts\/66338\/revisions"}],"predecessor-version":[{"id":66340,"href":"https:\/\/zonaroja.com.mx\/index.php?rest_route=\/wp\/v2\/posts\/66338\/revisions\/66340"}],"wp:featuredmedia":[{"embeddable":true,"href":"https:\/\/zonaroja.com.mx\/index.php?rest_route=\/wp\/v2\/media\/66339"}],"wp:attachment":[{"href":"https:\/\/zonaroja.com.mx\/index.php?rest_route=%2Fwp%2Fv2%2Fmedia&parent=66338"}],"wp:term":[{"taxonomy":"category","embeddable":true,"href":"https:\/\/zonaroja.com.mx\/index.php?rest_route=%2Fwp%2Fv2%2Fcategories&post=66338"},{"taxonomy":"post_tag","embeddable":true,"href":"https:\/\/zonaroja.com.mx\/index.php?rest_route=%2Fwp%2Fv2%2Ftags&post=66338"}],"curies":[{"name":"wp","href":"https:\/\/api.w.org\/{rel}","templated":true}]}}