{"id":6635,"date":"2019-12-13T09:01:33","date_gmt":"2019-12-13T15:01:33","guid":{"rendered":"http:\/\/www.zonaroja.com.mx\/?p=6635"},"modified":"2019-12-13T09:01:36","modified_gmt":"2019-12-13T15:01:36","slug":"realizara-congreso-conversatorio-sobre-violencia-de-genero-con-universidades","status":"publish","type":"post","link":"https:\/\/zonaroja.com.mx\/?p=6635","title":{"rendered":"Realizar\u00e1 Congreso Conversatorio sobre Violencia de G\u00e9nero con universidades"},"content":{"rendered":"\n<p>Redacci\u00f3n\/Zona Roja.<\/p>\n\n\n\n<p>Oaxaca de Ju\u00e1rez, Oax., 13 de diciembre\nde 2019.- A fin de identificar medidas y espacios de intervenci\u00f3n institucional\nde las universidades p\u00fablicas y privadas de Oaxaca, para la erradicaci\u00f3n de la\nviolencia contra las mujeres, tanto al interior de los planteles como hacia el\nresto de la sociedad, el Congreso del Estado realizar\u00e1 este lunes 16 de\ndiciembre el conversatorio \u201cUniversidades por la erradicaci\u00f3n de la violencia\nde g\u00e9nero\u201d.<\/p>\n\n\n\n<p>El presidente de la Junta de\nCoordinaci\u00f3n Pol\u00edtica de la 64 Legislatura, Horacio Sosa Villavicencio,\nse\u00f1al\u00f3&nbsp; que este espacio de di\u00e1logo entre\nautoridades universitarias, congresistas y alumnado oaxaque\u00f1o del sistema\neducativo superior, tiene como objetivo reflexionar colectivamente sobre el\nfen\u00f3meno y las posibilidades de intervenci\u00f3n institucional, en el escenario\nviolento que viven las mujeres de Oaxaca, tanto al interior de las\nuniversidades como hacia el resto de la sociedad.<\/p>\n\n\n\n<p>\u201cEsperamos identificar posibles espacios de acci\u00f3n legislativa para favorecer esos procesos, e incluso establecer acuerdos para la acci\u00f3n de las instituciones educativas con el fin de participar en la transformaci\u00f3n de las condiciones que permiten la violencia\u201d, se\u00f1al\u00f3.<\/p>\n\n\n\n<figure class=\"wp-block-embed-twitter wp-block-embed is-type-rich is-provider-twitter\"><div class=\"wp-block-embed__wrapper\">\n<div class=\"twitter-tweet\"><blockquote class=\"twitter-tweet\" data-lang=\"es\"><p lang=\"es\" dir=\"ltr\">Este lunes 16 de diciembre tendremos en el <a href=\"https:\/\/twitter.com\/CongresoOaxLXIV?ref_src=twsrc%5Etfw\">@CongresoOaxLXIV<\/a> el conversatorio \u201cUniversidades por la erradicaci\u00f3n de la violencia de g\u00e9nero\u201d. <br>\u00a1Las y los esperamos ! <a href=\"https:\/\/twitter.com\/Desde_Izquierda?ref_src=twsrc%5Etfw\">@Desde_Izquierda<\/a> <a href=\"https:\/\/twitter.com\/Eltiotonysoy?ref_src=twsrc%5Etfw\">@Eltiotonysoy<\/a> <a href=\"https:\/\/twitter.com\/TuiteraMx?ref_src=twsrc%5Etfw\">@TuiteraMx<\/a> <a href=\"https:\/\/twitter.com\/LauraEstradaMau?ref_src=twsrc%5Etfw\">@LauraEstradaMau<\/a> <a href=\"https:\/\/twitter.com\/Elisa_ZepedaOax?ref_src=twsrc%5Etfw\">@Elisa_ZepedaOax<\/a> <a href=\"https:\/\/twitter.com\/Magaly_LopezOax?ref_src=twsrc%5Etfw\">@Magaly_LopezOax<\/a> <a href=\"https:\/\/t.co\/Dvzi1w4PqE\">pic.twitter.com\/Dvzi1w4PqE<\/a><\/p>&mdash; Horacio Sosa (@HoracioSosaOax) <a href=\"https:\/\/twitter.com\/HoracioSosaOax\/status\/1205299881134317568?ref_src=twsrc%5Etfw\">13 de diciembre de 2019<\/a><\/blockquote><\/div>\n<\/div><\/figure>\n\n\n\n<p>El conversatorio tendr\u00e1 lugar este lunes\n16 de diciembre a las 10:00 horas en el Congreso del Estado y contar\u00e1 con la\nparticipaci\u00f3n de cuatro especialistas en el tema de violencia de g\u00e9nero contra\nlas mujeres, quienes har\u00e1n un encuadre del fen\u00f3meno y permitir\u00e1n el abordaje\nposterior en mesas de trabajo.<\/p>\n\n\n\n<p>Entre las invitadas se encuentran,\nLizbeth Lugo Hern\u00e1ndez, titular de la Fiscal\u00eda Especializada en Violencia\ncontra la Mujer y por Razones de G\u00e9nero del estado de Quintana Roo; \u00darsula\nZurita Rivera, investigadora de la Facultad Latinoamericana de Ciencias\nSociales, sede acad\u00e9mica M\u00e9xico.<\/p>\n\n\n\n<p>Nelly Rosa Caro Luj\u00e1n, investigadora del\nSeminario Acad\u00e9mico Poblaci\u00f3n, Cultura y Sociedad, de El Colegio Mexiquense, y\nN\u00e9lyda Solana Villanueva, investigadora de la transversalidad de espacio y\ng\u00e9nero, Colegio de Postgraduados.<\/p>\n","protected":false},"excerpt":{"rendered":"<p>Redacci\u00f3n\/Zona Roja. Oaxaca de Ju\u00e1rez, Oax., 13 de diciembre de 2019.- A fin de identificar&hellip;<\/p>\n","protected":false},"author":2,"featured_media":5728,"comment_status":"closed","ping_status":"open","sticky":false,"template":"","format":"standard","meta":{"_lmt_disableupdate":"","_lmt_disable":"","_jetpack_memberships_contains_paid_content":false,"footnotes":""},"categories":[109,46],"tags":[213,444],"class_list":["post-6635","post","type-post","status-publish","format-standard","has-post-thumbnail","hentry","category-minuto-a-minuto","category-zona-blanca","tag-64-legislatura-de-oaxaca","tag-horacio-sosa-villavicencio"],"jetpack_featured_media_url":"https:\/\/zonaroja.com.mx\/wp-content\/uploads\/2019\/11\/img_8271.jpg","jetpack_sharing_enabled":true,"_links":{"self":[{"href":"https:\/\/zonaroja.com.mx\/index.php?rest_route=\/wp\/v2\/posts\/6635","targetHints":{"allow":["GET"]}}],"collection":[{"href":"https:\/\/zonaroja.com.mx\/index.php?rest_route=\/wp\/v2\/posts"}],"about":[{"href":"https:\/\/zonaroja.com.mx\/index.php?rest_route=\/wp\/v2\/types\/post"}],"author":[{"embeddable":true,"href":"https:\/\/zonaroja.com.mx\/index.php?rest_route=\/wp\/v2\/users\/2"}],"replies":[{"embeddable":true,"href":"https:\/\/zonaroja.com.mx\/index.php?rest_route=%2Fwp%2Fv2%2Fcomments&post=6635"}],"version-history":[{"count":1,"href":"https:\/\/zonaroja.com.mx\/index.php?rest_route=\/wp\/v2\/posts\/6635\/revisions"}],"predecessor-version":[{"id":6636,"href":"https:\/\/zonaroja.com.mx\/index.php?rest_route=\/wp\/v2\/posts\/6635\/revisions\/6636"}],"wp:featuredmedia":[{"embeddable":true,"href":"https:\/\/zonaroja.com.mx\/index.php?rest_route=\/wp\/v2\/media\/5728"}],"wp:attachment":[{"href":"https:\/\/zonaroja.com.mx\/index.php?rest_route=%2Fwp%2Fv2%2Fmedia&parent=6635"}],"wp:term":[{"taxonomy":"category","embeddable":true,"href":"https:\/\/zonaroja.com.mx\/index.php?rest_route=%2Fwp%2Fv2%2Fcategories&post=6635"},{"taxonomy":"post_tag","embeddable":true,"href":"https:\/\/zonaroja.com.mx\/index.php?rest_route=%2Fwp%2Fv2%2Ftags&post=6635"}],"curies":[{"name":"wp","href":"https:\/\/api.w.org\/{rel}","templated":true}]}}