{"id":66351,"date":"2024-03-17T14:25:00","date_gmt":"2024-03-17T20:25:00","guid":{"rendered":"http:\/\/www.zonaroja.com.mx\/?p=66351"},"modified":"2024-03-17T07:28:07","modified_gmt":"2024-03-17T13:28:07","slug":"opinion-muy-celosos-de-su-deber-y-desentendidos-del-gasto","status":"publish","type":"post","link":"https:\/\/zonaroja.com.mx\/?p=66351","title":{"rendered":"Opini\u00f3n. \u201cMuy celosos de su deber y desentendidos del gasto\u201d"},"content":{"rendered":"\n<p>Soledad Jarqu\u00edn \u00c9dgar*\/SemM\u00e9xico<\/p>\n\n\n\n<p>\u201cMuy celosos de su deber y desentendidos del gasto\u201d, habr\u00eda dicho mi abuela Lucha ante las acciones de criminalizaci\u00f3n de la protesta social de las mujeres el pasado 8M por parte de los gobiernos de algunos estados del pa\u00eds.<\/p>\n\n\n\n<p>En Colima, la gobernadora Indira Vizca\u00edno Silva actu\u00f3 r\u00e1pido destituy\u00f3 al Subsecretario Operativo de la Secretar\u00eda de Seguridad P\u00fablica, Jos\u00e9 Manuel Zatara\u00edn Liz\u00e1rraga, el ahora ex funcionario arremeti\u00f3 de forma violenta contra las feministas al utilizar gas lacrim\u00f3geno contra las mujeres. Como dicen muerto el perro se acab\u00f3 la rabia.<\/p>\n\n\n\n<p>En Zacatecas, el gobernador David Monrreal no ha dado la cara, quien sali\u00f3 y muy mal fue el secretario de Gobierno, Rodrigo Reyes, solo se disculp\u00f3, c\u00f3mo si con eso fuera suficiente, c\u00f3mo si su palabra tuviera peso moral y pol\u00edtico extraordinario. Claro, el secretario de Gobierno, tambi\u00e9n dijo que las hordas feministas agredieron salvajemente a sus polic\u00edas, alguno fue hospitalizado. \u00a1Vaya desverg\u00fcenza! Vimos los videos.<\/p>\n\n\n\n<p>Esta misma semana, la diputada federal y ex gobernadora de ese estado, Amalia Garc\u00eda Medina, el Movimiento Feminista de Zacatecas y las consejeras del Instituto Nacional de las Mujeres repudiaron la violencia contra las zacatecanas y exigieron, la separaci\u00f3n del cargo de Rodrigo Reyes y otros funcionarios. David Monrreal no asoma ni la cabeza.<\/p>\n\n\n\n<p>Tambi\u00e9n pidieron una disculpa del gobernador, pero eso en realidad no sirve de nada. Salen se disculpan y vuelven a ser las mismas personas de siempre. Porque lo que es cierto es que desde uno o dos d\u00edas antes del 8 de marzo, desde la estructura de gobierno zacatecano salieron los mensajes de WhatsApp que prohib\u00edan a las trabajadoras del Estado unirse a la marcha. Ellos simplemente no quer\u00edan que las mujeres salieran a rayarles sus planas.<\/p>\n\n\n\n<p>En la capital del pa\u00eds el palacio nacional siempre est\u00e1 rodeado de vallas met\u00e1licas, idea que han copiado gobernadores de otros estados, como Nuevo Le\u00f3n. As\u00ed ni los ven, ni las oyen. Son necias, infiltradas, detractoras de sus gobiernos, cuando no conservadoras, agitadoras pol\u00edticas de izquierda, fif\u00eds y anti fosfas.<\/p>\n\n\n\n<p>En Oaxaca hace unos d\u00edas en su \u201cma\u00f1anera semanal\u201d, el gobernador Salom\u00f3n Jara criminaliz\u00f3 y descalific\u00f3 la marcha. Por un lado, sostuvo que est\u00e1n haciendo lo correcto, el problema es que no se ven los resultados, en poco m\u00e1s de un a\u00f1o de gobierno se contabilizan 128 asesinatos violentos de mujeres, como escribi\u00f3 Christian Jim\u00e9nez en \u201cEl Universal\u201d, (que se suman a los 717 que dej\u00f3 Alejandro Murat, el gobernador ex priista ahora candidato pluri al Senado pero con Morena, un acuerdo entre Jos\u00e9 Murat y Andr\u00e9s Manuel L\u00f3pez Obrador\u2026algo que al m\u00e1ximo l\u00edder de Morena se le olvid\u00f3, sin embargo, feministas y mujeres diversas les dijeron: \u00a1Nosotras no olvidamos!).<\/p>\n\n\n\n<p>Tanto el gobernador Jara como su secretario de Gobierno, Jes\u00fas \u201cChucho\u201d Romero se hacen uno solo, son almas gemelas. Ante la falta de elementos reales sostienen que las manifestantes llevaban \u201chasta guaruras\u201d y que esos se\u00f1ores dirig\u00edan la marcha y mostraron en su conferencia (de pago por pregunta) im\u00e1genes de una camioneta de donde desciende un se\u00f1or, qu\u00e9 nadie sabe qui\u00e9n era ni a qui\u00e9n lo llevaba. Como dice Roc\u00edo Flores, periodista oaxaque\u00f1a, si hubieran sido hombres los que llevaban \u201cguaruras\u201d como les llaman desp\u00f3ticamente a los escoltas, nadie lo hubiera notado. Adem\u00e1s, como buenos patriarcas piensan que a las mujeres hay que dirigirlas. Pero lo real es que ante la falta de elementos concretos banalizan, criminalizan y caen en el rid\u00edculo.<\/p>\n\n\n\n<p>Frente a ese tipo de acciones de represi\u00f3n imposible creer en las autoridades y sus supuestas respuestas, por lo general llenas de omisiones y simulaciones, m\u00e1s medi\u00e1ticas que reales, de ah\u00ed los lamentables resultados que hoy laceran la seguridad y la vida de las mujeres, asesinadas en raz\u00f3n de g\u00e9nero, por machos y mis\u00f3ginos violentos.<\/p>\n\n\n\n<p>M\u00e9xico necesita una actualizaci\u00f3n de los tipos de asesinatos contra mujeres o feminicidios. Tal es el caso de Colima y Zacatecas, adem\u00e1s de algunas zonas de Oaxaca, como la regi\u00f3n del Istmo.<\/p>\n\n\n\n<p>Las dos primeras entidades, entre otras muchas del pa\u00eds, repito, est\u00e1n severamente atravesadas por las organizaciones criminales, cuya presencia incrementa, por un lado, la proliferaci\u00f3n de armas y, por el otro, el sicariato feminicida: comandos encargados de asesinar mujeres, cuyo modo de operaci\u00f3n es el mismo siempre, ya lo explicaba en la anterior entrega de esta columna.<\/p>\n\n\n\n<p>La acad\u00e9mica Julia Mon\u00e1rrez lo plante\u00f3 desde hace varios a\u00f1os, hace m\u00e1s de una d\u00e9cada, a partir de lo que sucedi\u00f3 en Ciudad Ju\u00e1rez. Sin embargo, esta clasificaci\u00f3n no tuvo sentido entonces en muchas entidades, pero ojo, las cosas cambiaron en poco m\u00e1s del 80 por ciento de las poblaciones de este pa\u00eds, donde hay una presencia sistem\u00e1tica del crimen organizado, uno que las autoridades siguen negando, minimizan o silencian.<\/p>\n\n\n\n<p>Frente a esa realidad que no debemos normalizar estamos hablando de feminicidios por conexi\u00f3n, feminicidios por prostituci\u00f3n, feminicidio por trata, feminicidios por tr\u00e1fico y por narcotr\u00e1fico, por citar algunas de las realidades que la acad\u00e9mica del Colegio de la Frontera Norte, Julia Mon\u00e1rrez Fregoso ya plante\u00f3 como un triste vaticinio de lo que hoy vivimos.<\/p>\n\n\n\n<p>La que reaccion\u00f3 o le costaba la cabeza, fue la gobernadora de Guerrero, Evelyn Salgado Pineda quien este jueves anunci\u00f3 la separaci\u00f3n de tres funcionarios p\u00fablicos: el secretario General de Gobierno, Ludwig Marcial Reynoso N\u00fa\u00f1ez; del secretario de Seguridad P\u00fablica, Rolando Solano Rivera, y de la fiscal, Sandra Luz Valdovinos Salmer\u00f3n, \u201cpor los lamentables hechos ocurridos el 7 de marzo pasado\u201d, lo que no dijo ni quiso decir, fue: por el asesinato del estudiante de la escuela normal rural de Ayotzinapa, Yanqui Kothan G\u00f3mez Peralta, a manos de un polic\u00eda que dispar\u00f3, nunca fue detenido y que se ha dado a la fuga.<\/p>\n\n\n\n<p>*Periodista y feminista oaxaque\u00f1a.<\/p>\n","protected":false},"excerpt":{"rendered":"<p>Soledad Jarqu\u00edn \u00c9dgar*\/SemM\u00e9xico \u201cMuy celosos de su deber y desentendidos del gasto\u201d, habr\u00eda dicho mi&hellip;<\/p>\n","protected":false},"author":2,"featured_media":52718,"comment_status":"closed","ping_status":"open","sticky":false,"template":"","format":"standard","meta":{"_lmt_disableupdate":"","_lmt_disable":"","_jetpack_memberships_contains_paid_content":false,"footnotes":""},"categories":[456,109],"tags":[1105],"class_list":["post-66351","post","type-post","status-publish","format-standard","has-post-thumbnail","hentry","category-columna","category-minuto-a-minuto","tag-soledad-jarquin-edgar"],"jetpack_featured_media_url":"https:\/\/zonaroja.com.mx\/wp-content\/uploads\/2023\/03\/Soledad-Jarquin-.jpeg","jetpack_sharing_enabled":true,"_links":{"self":[{"href":"https:\/\/zonaroja.com.mx\/index.php?rest_route=\/wp\/v2\/posts\/66351","targetHints":{"allow":["GET"]}}],"collection":[{"href":"https:\/\/zonaroja.com.mx\/index.php?rest_route=\/wp\/v2\/posts"}],"about":[{"href":"https:\/\/zonaroja.com.mx\/index.php?rest_route=\/wp\/v2\/types\/post"}],"author":[{"embeddable":true,"href":"https:\/\/zonaroja.com.mx\/index.php?rest_route=\/wp\/v2\/users\/2"}],"replies":[{"embeddable":true,"href":"https:\/\/zonaroja.com.mx\/index.php?rest_route=%2Fwp%2Fv2%2Fcomments&post=66351"}],"version-history":[{"count":1,"href":"https:\/\/zonaroja.com.mx\/index.php?rest_route=\/wp\/v2\/posts\/66351\/revisions"}],"predecessor-version":[{"id":66352,"href":"https:\/\/zonaroja.com.mx\/index.php?rest_route=\/wp\/v2\/posts\/66351\/revisions\/66352"}],"wp:featuredmedia":[{"embeddable":true,"href":"https:\/\/zonaroja.com.mx\/index.php?rest_route=\/wp\/v2\/media\/52718"}],"wp:attachment":[{"href":"https:\/\/zonaroja.com.mx\/index.php?rest_route=%2Fwp%2Fv2%2Fmedia&parent=66351"}],"wp:term":[{"taxonomy":"category","embeddable":true,"href":"https:\/\/zonaroja.com.mx\/index.php?rest_route=%2Fwp%2Fv2%2Fcategories&post=66351"},{"taxonomy":"post_tag","embeddable":true,"href":"https:\/\/zonaroja.com.mx\/index.php?rest_route=%2Fwp%2Fv2%2Ftags&post=66351"}],"curies":[{"name":"wp","href":"https:\/\/api.w.org\/{rel}","templated":true}]}}