{"id":66353,"date":"2024-03-17T17:29:00","date_gmt":"2024-03-17T23:29:00","guid":{"rendered":"http:\/\/www.zonaroja.com.mx\/?p=66353"},"modified":"2024-03-17T07:30:11","modified_gmt":"2024-03-17T13:30:11","slug":"opinion-es-posible-la-paz","status":"publish","type":"post","link":"https:\/\/zonaroja.com.mx\/?p=66353","title":{"rendered":"Opini\u00f3n. \u00bfEs posible la paz?"},"content":{"rendered":"\n<p>Diego Enrique Osorno*<\/p>\n\n\n\n<p>M\u00e9xico enfrenta una de las mayores crisis de violencia de su historia contempor\u00e1nea, concluye un diagn\u00f3stico impulsado por el Episcopado mexicano a partir de un proceso de consulta que abarc\u00f3 m\u00e1s de mil conversatorios en los que participaron casi 15 mil personas, as\u00ed como la celebraci\u00f3n de 50 foros con especialistas en justicia y seguridad de los 32 estados del pa\u00eds y un di\u00e1logo nacional con mesas de discusi\u00f3n que tuvo alrededor de 500 representantes de m\u00faltiples organizaciones.<\/p>\n\n\n\n<p>De acuerdo con el diagn\u00f3stico emitido en septiembre del a\u00f1o pasado, la crisis actual viene de 2006, un a\u00f1o de intensa agitaci\u00f3n social y de la llegada a la Presidencia de Felipe Calder\u00f3n. La violencia acumulada desde entonces, por su gravedad, trasciende los \u00e1mbitos de la pol\u00edtica, la salud p\u00fablica, la educaci\u00f3n, la econom\u00eda y el medio ambiente, analiza el documento.<\/p>\n\n\n\n<p>Hoy tenemos un promedio diario de 92 personas asesinadas y 26 desaparecidas, m\u00e1s de 3 mil fosas clandestinas encontradas y 240 grupos de personas organizados para buscar a sus familiares y amistades desaparecidas. \u201cEl principal signo de inseguridad \u2014anota el documento\u2014 es el control territorial que tienen las alianzas criminales para hacer negocios l\u00edcitos e il\u00edcitos, situaci\u00f3n que amenaza la vida democr\u00e1tica del pa\u00eds. Estas alianzas controlan desde tianguis y mercados&nbsp;hasta bosques y empresas mineras, pero tambi\u00e9n a polic\u00edas, alcald\u00edas y fiscal\u00edas. Estamos delante de un Estado rebasado y que requiere de la participaci\u00f3n social para hacer frente a esta realidad\u201d.<\/p>\n\n\n\n<p>Fue el crimen de los sacerdotes jesuitas Javier Campos y Joaqu\u00edn Mora, el gu\u00eda de turistas Pedro Palma, as\u00ed como del joven Paul Berrelleza, ocurrido el 20 de junio de 2022 en la Sierra Tarahumara, el detonante para que el grupo de obispos cat\u00f3licos del pa\u00eds llevara a cabo esta iniciativa que busca impulsar una Agenda Nacional de Paz, la cual fue suscrita estos d\u00edas por Claudia Sheinbaum, X\u00f3chitl G\u00e1lvez y Jorge \u00c1lvarez M\u00e1ynez.<\/p>\n\n\n\n<p>Abordaremos en este espacio algunas acciones de dicha agenda, pero antes comparto una de las conclusiones sobre la normalizaci\u00f3n de la violencia detectadas por este interesante ejercicio: \u201cDesde las comunidades participantes en los foros de justicia y seguridad ha sido evidente que, desde hace m\u00e1s de 17 a\u00f1os, la inseguridad y las violencias forman parte de nuestra vida cotidiana, est\u00e1n insertas en la sociedad y se expresan de distintas maneras en la cultura\u201d.&nbsp;<\/p>\n\n\n\n<p>*Escritor y periodista.<\/p>\n\n\n\n<p>@DiegoEOsorno<\/p>\n","protected":false},"excerpt":{"rendered":"<p>Diego Enrique Osorno* M\u00e9xico enfrenta una de las mayores crisis de violencia de su historia&hellip;<\/p>\n","protected":false},"author":2,"featured_media":48560,"comment_status":"closed","ping_status":"open","sticky":false,"template":"","format":"standard","meta":{"_lmt_disableupdate":"","_lmt_disable":"","_jetpack_memberships_contains_paid_content":false,"footnotes":""},"categories":[456,109],"tags":[3020],"class_list":["post-66353","post","type-post","status-publish","format-standard","has-post-thumbnail","hentry","category-columna","category-minuto-a-minuto","tag-diego-enrique-osorno"],"jetpack_featured_media_url":"https:\/\/zonaroja.com.mx\/wp-content\/uploads\/2022\/11\/Diego-Enrique-Osorno.jpeg","jetpack_sharing_enabled":true,"_links":{"self":[{"href":"https:\/\/zonaroja.com.mx\/index.php?rest_route=\/wp\/v2\/posts\/66353","targetHints":{"allow":["GET"]}}],"collection":[{"href":"https:\/\/zonaroja.com.mx\/index.php?rest_route=\/wp\/v2\/posts"}],"about":[{"href":"https:\/\/zonaroja.com.mx\/index.php?rest_route=\/wp\/v2\/types\/post"}],"author":[{"embeddable":true,"href":"https:\/\/zonaroja.com.mx\/index.php?rest_route=\/wp\/v2\/users\/2"}],"replies":[{"embeddable":true,"href":"https:\/\/zonaroja.com.mx\/index.php?rest_route=%2Fwp%2Fv2%2Fcomments&post=66353"}],"version-history":[{"count":1,"href":"https:\/\/zonaroja.com.mx\/index.php?rest_route=\/wp\/v2\/posts\/66353\/revisions"}],"predecessor-version":[{"id":66354,"href":"https:\/\/zonaroja.com.mx\/index.php?rest_route=\/wp\/v2\/posts\/66353\/revisions\/66354"}],"wp:featuredmedia":[{"embeddable":true,"href":"https:\/\/zonaroja.com.mx\/index.php?rest_route=\/wp\/v2\/media\/48560"}],"wp:attachment":[{"href":"https:\/\/zonaroja.com.mx\/index.php?rest_route=%2Fwp%2Fv2%2Fmedia&parent=66353"}],"wp:term":[{"taxonomy":"category","embeddable":true,"href":"https:\/\/zonaroja.com.mx\/index.php?rest_route=%2Fwp%2Fv2%2Fcategories&post=66353"},{"taxonomy":"post_tag","embeddable":true,"href":"https:\/\/zonaroja.com.mx\/index.php?rest_route=%2Fwp%2Fv2%2Ftags&post=66353"}],"curies":[{"name":"wp","href":"https:\/\/api.w.org\/{rel}","templated":true}]}}