{"id":66364,"date":"2024-03-17T09:31:12","date_gmt":"2024-03-17T15:31:12","guid":{"rendered":"http:\/\/www.zonaroja.com.mx\/?p=66364"},"modified":"2024-03-17T09:31:14","modified_gmt":"2024-03-17T15:31:14","slug":"asesinan-a-balazos-a-director-de-la-policia-en-petapa-oaxaca","status":"publish","type":"post","link":"https:\/\/zonaroja.com.mx\/?p=66364","title":{"rendered":"Asesinan a balazos a director de la polic\u00eda en Petapa, Oaxaca"},"content":{"rendered":"\n<p>Raymundo Morales\/Zona Roja.<\/p>\n\n\n\n<p>Oaxaca de Ju\u00e1rez, Oax., a 17 de marzo de 2024.- Un comandante de la polic\u00eda local muri\u00f3 la madrugada de este domingo tras ser baleado en Santo Domingo Petapan, municipio de la regi\u00f3n del Istmo de Tehuantepec, Oaxaca.<\/p>\n\n\n\n<p>De acuerdo con informaci\u00f3n preliminar, los uniformados de la comunidad hicieron frente a un grupo delictivo, pero una jefe policiaco recibi\u00f3 impactos de arma de fuego, lo que lo dej\u00f3 herido de gravedad.&nbsp;<\/p>\n\n\n\n<p>Fue trasladado de urgencia a un hospital del municipio de Mat\u00edas Romero Avenda\u00f1o, donde muri\u00f3 la madrugada de hoy; de manera preliminar fue identificado como Gerardo R. L.<\/p>\n\n\n\n<p>En los mismos hechos fue lesionada una mujer polic\u00eda y hasta el momento no se ha confirmado oficialmente su estado de salud.&nbsp;<\/p>\n\n\n\n<p>Hasta el momento no se ha confirmado si hay detenciones en tanto la Vicefiscal\u00eda Regional del Istmo, dependiente de la Fiscal\u00eda General del Estado indaga los hechos.<\/p>\n","protected":false},"excerpt":{"rendered":"<p>Raymundo Morales\/Zona Roja. Oaxaca de Ju\u00e1rez, Oax., a 17 de marzo de 2024.- Un comandante&hellip;<\/p>\n","protected":false},"author":2,"featured_media":50335,"comment_status":"closed","ping_status":"open","sticky":false,"template":"","format":"standard","meta":{"_lmt_disableupdate":"","_lmt_disable":"","_jetpack_memberships_contains_paid_content":false,"footnotes":""},"categories":[109,51],"tags":[],"class_list":["post-66364","post","type-post","status-publish","format-standard","has-post-thumbnail","hentry","category-minuto-a-minuto","category-zona-roja"],"jetpack_featured_media_url":"https:\/\/zonaroja.com.mx\/wp-content\/uploads\/2023\/01\/Balazos-violencia-casquillos-escena.jpeg","jetpack_sharing_enabled":true,"_links":{"self":[{"href":"https:\/\/zonaroja.com.mx\/index.php?rest_route=\/wp\/v2\/posts\/66364","targetHints":{"allow":["GET"]}}],"collection":[{"href":"https:\/\/zonaroja.com.mx\/index.php?rest_route=\/wp\/v2\/posts"}],"about":[{"href":"https:\/\/zonaroja.com.mx\/index.php?rest_route=\/wp\/v2\/types\/post"}],"author":[{"embeddable":true,"href":"https:\/\/zonaroja.com.mx\/index.php?rest_route=\/wp\/v2\/users\/2"}],"replies":[{"embeddable":true,"href":"https:\/\/zonaroja.com.mx\/index.php?rest_route=%2Fwp%2Fv2%2Fcomments&post=66364"}],"version-history":[{"count":1,"href":"https:\/\/zonaroja.com.mx\/index.php?rest_route=\/wp\/v2\/posts\/66364\/revisions"}],"predecessor-version":[{"id":66365,"href":"https:\/\/zonaroja.com.mx\/index.php?rest_route=\/wp\/v2\/posts\/66364\/revisions\/66365"}],"wp:featuredmedia":[{"embeddable":true,"href":"https:\/\/zonaroja.com.mx\/index.php?rest_route=\/wp\/v2\/media\/50335"}],"wp:attachment":[{"href":"https:\/\/zonaroja.com.mx\/index.php?rest_route=%2Fwp%2Fv2%2Fmedia&parent=66364"}],"wp:term":[{"taxonomy":"category","embeddable":true,"href":"https:\/\/zonaroja.com.mx\/index.php?rest_route=%2Fwp%2Fv2%2Fcategories&post=66364"},{"taxonomy":"post_tag","embeddable":true,"href":"https:\/\/zonaroja.com.mx\/index.php?rest_route=%2Fwp%2Fv2%2Ftags&post=66364"}],"curies":[{"name":"wp","href":"https:\/\/api.w.org\/{rel}","templated":true}]}}