{"id":66368,"date":"2024-03-17T18:18:30","date_gmt":"2024-03-18T00:18:30","guid":{"rendered":"http:\/\/www.zonaroja.com.mx\/?p=66368"},"modified":"2024-03-17T18:18:57","modified_gmt":"2024-03-18T00:18:57","slug":"rechazan-designacion-de-priista-oscar-valencia-a-edil-de-rio-hondo-por-pvem","status":"publish","type":"post","link":"https:\/\/zonaroja.com.mx\/?p=66368","title":{"rendered":"Rechazan designaci\u00f3n de priista \u00d3scar Valencia a edil de R\u00edo Hondo, por PVEM y FM"},"content":{"rendered":"\n<p>Raymundo Morales\/Zona Roja.<\/p>\n\n\n\n<p>Oaxaca de Ju\u00e1rez, Oax., 17 de marzo de 2024.- Habitantes de San Mateo R\u00edo Hondo rechazaron la posible designaci\u00f3n del priista \u00d3scar Valencia Garc\u00eda como candidato a edil, por parte del PVEM y del Partido Fuerza por M\u00e9xico.<\/p>\n\n\n\n<p>A trav\u00e9s de un desplegado, mostraron su repudio en contra de quien fuera diputado federal, funcionario del gobierno de Alejandro Murat y ex presidente de San Agust\u00edn Loxicha, municipio que denuncian saque\u00f3 en diversas ocasiones.<\/p>\n\n\n\n<p>Valencia Garc\u00eda, quien en el pasado proceso electoral quiso gobernar por en\u00e9sima ocasi\u00f3n Loxicha, se ha distinguido por utilizar guardias de seguridad que utilizan armas de grueso calibre, lo cual ha sido difundido por m\u00faltiples medios de comunicaci\u00f3n nacional y estatal.<\/p>\n\n\n\n<p>\u201cEl pueblo de San Mateo R\u00edo Hondo no permitir\u00e1 de ninguna manera la imposici\u00f3n de ese nefasto personaje en la pr\u00f3xima jornada electoral; de imponerlo los antes partidos pol\u00edticos mencionados, no permitiremos realicen campa\u00f1a en nuestro municipio\u201d, se\u00f1alaron.<\/p>\n\n\n\n<p>Abundaron que San Mateo se ha caracterizado por ser un municipio que rechaza a las autoridades o supuestos l\u00edderes que son se\u00f1alados de corrupci\u00f3n, y nadie aceptar\u00e1 que un fuere\u00f1o sea ni siquiera aspirante para gobernar ese municipio de la regi\u00f3n Sierra Sur.<\/p>\n\n\n\n<p>\u201cRealizaremos todo tipo de acciones para impedirlo. Hacemos p\u00fablico que las personas originarias de nuestro municipio que participen en la planilla de este personaje, se le tomar\u00e1 como traici\u00f3n al pueblo y se le desterrar\u00e1 como ciudadanos\u201d, remarc\u00f3 la agrupaci\u00f3n Ciudadanos Unidos por la Defensa de San Mateo.<\/p>\n\n\n\n<p>Y es que \u00d3scar Valencia ha sido se\u00f1alado en m\u00faltiples ocasiones, incluso por sus paisanos, como un priista de viejo cu\u00f1o que ha saqueado las arcas de San Agust\u00edn Loxicha, donde ha sido presidente al menos dos ocasiones.<\/p>\n\n\n\n<p>Adem\u00e1s, cuando fue diputado federal por el PRI y recorr\u00eda las comunidades, lo hac\u00eda con un grupo con armas de grueso calibre, para amedrentar a la poblaci\u00f3n, a fin de que le dieran su respaldo.<\/p>\n\n\n\n<p>Llamaron a la dirigencia del Partido Morena en Oaxaca a que no permita que m\u00e1s personas acusadas de corrupci\u00f3n lleguen al poder utilizando al PVEM y otros partidos.<\/p>\n","protected":false},"excerpt":{"rendered":"<p>Raymundo Morales\/Zona Roja. Oaxaca de Ju\u00e1rez, Oax., 17 de marzo de 2024.- Habitantes de San&hellip;<\/p>\n","protected":false},"author":2,"featured_media":66369,"comment_status":"closed","ping_status":"open","sticky":false,"template":"","format":"standard","meta":{"_lmt_disableupdate":"","_lmt_disable":"","_jetpack_memberships_contains_paid_content":false,"footnotes":""},"categories":[109,47],"tags":[1132],"class_list":["post-66368","post","type-post","status-publish","format-standard","has-post-thumbnail","hentry","category-minuto-a-minuto","category-zona-gris","tag-oscar-valencia"],"jetpack_featured_media_url":"https:\/\/zonaroja.com.mx\/wp-content\/uploads\/2024\/03\/Oscar-Valencia-Garcia.webp","jetpack_sharing_enabled":true,"_links":{"self":[{"href":"https:\/\/zonaroja.com.mx\/index.php?rest_route=\/wp\/v2\/posts\/66368","targetHints":{"allow":["GET"]}}],"collection":[{"href":"https:\/\/zonaroja.com.mx\/index.php?rest_route=\/wp\/v2\/posts"}],"about":[{"href":"https:\/\/zonaroja.com.mx\/index.php?rest_route=\/wp\/v2\/types\/post"}],"author":[{"embeddable":true,"href":"https:\/\/zonaroja.com.mx\/index.php?rest_route=\/wp\/v2\/users\/2"}],"replies":[{"embeddable":true,"href":"https:\/\/zonaroja.com.mx\/index.php?rest_route=%2Fwp%2Fv2%2Fcomments&post=66368"}],"version-history":[{"count":2,"href":"https:\/\/zonaroja.com.mx\/index.php?rest_route=\/wp\/v2\/posts\/66368\/revisions"}],"predecessor-version":[{"id":66371,"href":"https:\/\/zonaroja.com.mx\/index.php?rest_route=\/wp\/v2\/posts\/66368\/revisions\/66371"}],"wp:featuredmedia":[{"embeddable":true,"href":"https:\/\/zonaroja.com.mx\/index.php?rest_route=\/wp\/v2\/media\/66369"}],"wp:attachment":[{"href":"https:\/\/zonaroja.com.mx\/index.php?rest_route=%2Fwp%2Fv2%2Fmedia&parent=66368"}],"wp:term":[{"taxonomy":"category","embeddable":true,"href":"https:\/\/zonaroja.com.mx\/index.php?rest_route=%2Fwp%2Fv2%2Fcategories&post=66368"},{"taxonomy":"post_tag","embeddable":true,"href":"https:\/\/zonaroja.com.mx\/index.php?rest_route=%2Fwp%2Fv2%2Ftags&post=66368"}],"curies":[{"name":"wp","href":"https:\/\/api.w.org\/{rel}","templated":true}]}}