{"id":66375,"date":"2024-03-18T08:01:00","date_gmt":"2024-03-18T14:01:00","guid":{"rendered":"http:\/\/www.zonaroja.com.mx\/?p=66375"},"modified":"2024-03-18T07:05:06","modified_gmt":"2024-03-18T13:05:06","slug":"opinion-por-fin-se-dieron-cuenta-que-fuerza-por-mexico-es-muratista","status":"publish","type":"post","link":"https:\/\/zonaroja.com.mx\/?p=66375","title":{"rendered":"Opini\u00f3n. \u00bfPor fin se dieron cuenta que Fuerza por M\u00e9xico es muratista?"},"content":{"rendered":"\n<p>Ismael Garc\u00eda M.\/Zona Roja.<\/p>\n\n\n\n<p>Oaxaca de Ju\u00e1rez, Oax., a 18 de marzo de 2024.- Relegado del gobierno del morenista Salom\u00f3n Jara, el Partido Fuerza por M\u00e9xico no dura otra elecci\u00f3n.&nbsp;<\/p>\n\n\n\n<p>En el actual proceso electoral, ha hecho alianzas s\u00f3lo en algunos distritos y municipios con las dem\u00e1s fuerzas que apoyan la llamada cuarta transformaci\u00f3n.<\/p>\n\n\n\n<p>Atr\u00e1s quedaron los tiempos en que Salom\u00e9 Mart\u00ednez Salazar andaba del brazo con Salom\u00f3n Jara, en el proceso electoral de 2022, e incluso pr\u00e1cticamente le limpiaba el sudor de la frente.<\/p>\n\n\n\n<p>Iban y ven\u00edan por las comunidades\u2026 hasta que inici\u00f3 el gobierno, donde pr\u00e1cticamente no hubo beneficios para Salom\u00e9 Mart\u00ednez, m\u00e1s que un cargo de menor relevancia, la direcci\u00f3n Casa de la Cultura Oaxaque\u00f1a, para su hija.<\/p>\n\n\n\n<p>\u00bfPor qu\u00e9 se dieron cuenta tarde de las ligas peligrosas de Fuerza por M\u00e9xico con la Confederaci\u00f3n Aut\u00f3noma de Trabajadores de M\u00e9xico? \u00bfAcaso no sab\u00edan desde el principio que es proyecto de Jos\u00e9 Murat Casab y de Pedro Haces Barba?<\/p>\n\n\n\n<p>PROYECTO CATEM-MURAT<\/p>\n\n\n\n<p>S\u00ed, Fuerza por M\u00e9xico naci\u00f3 de las alianzas, no s\u00f3lo de negocios, sino pol\u00edticas, que ten\u00edan ambos personajes.<\/p>\n\n\n\n<p>Por ejemplo, en Oaxaca, durante el sexenio del priista, ahora morenista, Alejandro Murat Hinojosa, hubo muchos negocios en que particip\u00f3 Pedro Haces, entre ellos el servicio de seguridad y limpieza para los Servicios de Salud de Oaxaca, con altos costos.<\/p>\n\n\n\n<p>Largo ser\u00eda describir c\u00f3mo ambas partes limpiaban y \u201cdesaparec\u00edan\u201d dinero a trav\u00e9s de una facturera.<\/p>\n\n\n\n<p>Pedro Haces, poderoso se\u00f1or due\u00f1o de sindicatos y empresas, ide\u00f3 con Murat la creaci\u00f3n de un nuevo partido, para respaldar al Presidente Andr\u00e9s Manuel L\u00f3pez Obrador y fue a partir de 2019 en que iniciaron las gestiones, a trav\u00e9s de Gerardo Islas, antiguo integrante del Partido Nueva Alianza.<\/p>\n\n\n\n<p>El Instituto Nacional Electoral le rechaz\u00f3 una primera intenci\u00f3n, al recalcar que sindicatos, como CATEM, n o pueden incorporarse masivamente a un partido; finalmente tras recurrir al tribunal federal, logr\u00f3 su registro en octubre de 2020 y a mediados de diciembre siguiente adopt\u00f3 formalmente el nombre de Fuerza por M\u00e9xico.<\/p>\n\n\n\n<p>Pero poco le dur\u00f3 el gusto, pues en las elecciones de 2021, no logr\u00f3 el tres por ciento de votaci\u00f3n, por lo que se decidi\u00f3 extinguirlo a finales de agosto de 2021. S\u00f3lo tiene presencia en al menos 10 estados.<\/p>\n\n\n\n<p>En el caso de Oaxaca, estuvo a punto de desaparecer en ese mismo a\u00f1o, pero Salom\u00e9 Mart\u00ednez, con ayuda de poderosos gestores, logr\u00f3 rebatir y mantener el registro.<\/p>\n\n\n\n<p>LA DEBACLE<\/p>\n\n\n\n<p>O fue la ambici\u00f3n de Salom\u00e9 Mart\u00ednez hacia las prerrogativas o fue la entrega \u00edntegra de estos dineros a su eterno jefe Jos\u00e9 Murat lo que pr\u00e1cticamente aniquil\u00f3 a Fuerza por M\u00e9xico, que incluso enfrent\u00f3 una rebeli\u00f3n interna, en el comit\u00e9 ejecutivo, y por un lapso fue desconocida su dirigente.<\/p>\n\n\n\n<p>Pero incluso desde la campa\u00f1a pol\u00edtica del 2022, fue notorio el distanciamiento y frialdad entre los candidatos y su dirigencia; por ejemplo, Karla Jim\u00e9nez, entonces candidata a diputada federal, que siempre se quej\u00f3 que no tuvo un solo peso para la campa\u00f1a y era ignorada por Salom\u00e9.<\/p>\n\n\n\n<p>En realidad los pleitos de ella y varios integrantes de la dirigencia contra la presidenta del partido fue porque durante la campa\u00f1a pol\u00edtica, simplemente no fluy\u00f3 el recurso financiero para ning\u00fan candidato, lo que aniquil\u00f3 al partido en la entidad.<\/p>\n\n\n\n<p>En los recorridos de Salom\u00f3n Jara, hubo tambi\u00e9n varios episodios que dejaron mal al entonces candidato a gobernador, como el que ocurri\u00f3 en la segunda semana de abril de 2022 en San Mart\u00edn Peras, donde se rebel\u00f3 la gente por incumplimientos del gobierno.<\/p>\n\n\n\n<p>Salom\u00e9 Mart\u00ednez intent\u00f3 mediar pero fue peor el asunto, a falta de experiencia pol\u00edtica y administrativa, lo que gener\u00f3 una rechifla y al final la pr\u00e1cticamente huida de los pol\u00edticos de dicha comunidad mixteca.<\/p>\n\n\n\n<p>O cuando en octubre de hace dos a\u00f1os el tribunal federal confirm\u00f3 que la fundadora en Oaxaca de Fuerza por M\u00e9xico, ejerci\u00f3 violencia pol\u00edtica por raz\u00f3n de g\u00e9nero, en contra de Sonia Castellanos.<\/p>\n\n\n\n<p>LA REALIDAD<\/p>\n\n\n\n<p>A finales de agosto de 2023, logr\u00f3 imponerse de nuevo en la dirigencia y cambi\u00f3 a pr\u00e1cticamente todos los integrantes. Pero esas imposiciones fueron los clavos sobre la tumba y hoy Fuerza por M\u00e9xico no es nada.<\/p>\n\n\n\n<p>En el actual proceso electoral, apenas hace un mes despert\u00f3 Salom\u00e9 Mart\u00ednez con supuestos recorridos por el interior del estado, para aglutinar a la militancia\u2026 que no existe.<\/p>\n\n\n\n<p>Si bien no hay ruptura ni distanciamiento con el gobernador Salom\u00f3n Jara, el partido rosa no fue tomado en cuenta para las alianzas principales en la disputa de las diputaciones locales y federales, as\u00ed como las presidencias municipales.<\/p>\n\n\n\n<p>Se ha tenido que conformar con migajas, en uni\u00f3n con otras fuerzas pol\u00edticas, como el PVEM, pero no con Morena, la principal fuerza electoral.<\/p>\n\n\n\n<p>Y con esas migajas terminar\u00e1 la agon\u00eda de Fuerza por M\u00e9xico en Oaxaca y en otras entidades del pa\u00eds\u2026 aunque la dupla Murat-Haces ya tienen preparado otro proyecto.<\/p>\n","protected":false},"excerpt":{"rendered":"<p>Ismael Garc\u00eda M.\/Zona Roja. Oaxaca de Ju\u00e1rez, Oax., a 18 de marzo de 2024.- Relegado&hellip;<\/p>\n","protected":false},"author":2,"featured_media":41735,"comment_status":"closed","ping_status":"open","sticky":false,"template":"","format":"standard","meta":{"_lmt_disableupdate":"","_lmt_disable":"","_jetpack_memberships_contains_paid_content":false,"footnotes":""},"categories":[456,109,48],"tags":[1353],"class_list":["post-66375","post","type-post","status-publish","format-standard","has-post-thumbnail","hentry","category-columna","category-minuto-a-minuto","category-zona-critica","tag-opinion-zona-critica"],"jetpack_featured_media_url":"https:\/\/zonaroja.com.mx\/wp-content\/uploads\/2022\/05\/Opinion-Ismael-Garcia-M.jpg","jetpack_sharing_enabled":true,"_links":{"self":[{"href":"https:\/\/zonaroja.com.mx\/index.php?rest_route=\/wp\/v2\/posts\/66375","targetHints":{"allow":["GET"]}}],"collection":[{"href":"https:\/\/zonaroja.com.mx\/index.php?rest_route=\/wp\/v2\/posts"}],"about":[{"href":"https:\/\/zonaroja.com.mx\/index.php?rest_route=\/wp\/v2\/types\/post"}],"author":[{"embeddable":true,"href":"https:\/\/zonaroja.com.mx\/index.php?rest_route=\/wp\/v2\/users\/2"}],"replies":[{"embeddable":true,"href":"https:\/\/zonaroja.com.mx\/index.php?rest_route=%2Fwp%2Fv2%2Fcomments&post=66375"}],"version-history":[{"count":1,"href":"https:\/\/zonaroja.com.mx\/index.php?rest_route=\/wp\/v2\/posts\/66375\/revisions"}],"predecessor-version":[{"id":66376,"href":"https:\/\/zonaroja.com.mx\/index.php?rest_route=\/wp\/v2\/posts\/66375\/revisions\/66376"}],"wp:featuredmedia":[{"embeddable":true,"href":"https:\/\/zonaroja.com.mx\/index.php?rest_route=\/wp\/v2\/media\/41735"}],"wp:attachment":[{"href":"https:\/\/zonaroja.com.mx\/index.php?rest_route=%2Fwp%2Fv2%2Fmedia&parent=66375"}],"wp:term":[{"taxonomy":"category","embeddable":true,"href":"https:\/\/zonaroja.com.mx\/index.php?rest_route=%2Fwp%2Fv2%2Fcategories&post=66375"},{"taxonomy":"post_tag","embeddable":true,"href":"https:\/\/zonaroja.com.mx\/index.php?rest_route=%2Fwp%2Fv2%2Ftags&post=66375"}],"curies":[{"name":"wp","href":"https:\/\/api.w.org\/{rel}","templated":true}]}}