{"id":66382,"date":"2024-03-18T08:18:00","date_gmt":"2024-03-18T14:18:00","guid":{"rendered":"http:\/\/www.zonaroja.com.mx\/?p=66382"},"modified":"2024-03-18T07:49:14","modified_gmt":"2024-03-18T13:49:14","slug":"por-que-tanto-odio-entre-nosotros-cuestiona-arzobispo-y-pide-paz-para-oaxaca","status":"publish","type":"post","link":"https:\/\/zonaroja.com.mx\/?p=66382","title":{"rendered":"\u00bfPor qu\u00e9 tanto odio entre nosotros?, cuestiona Arzobispo y pide paz para Oaxaca"},"content":{"rendered":"\n<p>Raymundo Morales\/Zona Roja.<\/p>\n\n\n\n<p>Oaxaca de Ju\u00e1rez, Oax., a 18 de marzo de 2024.- \u201cToco el coraz\u00f3n de los que nos gobiernan en nuestros pueblos, los que tienen tantas cosas ah\u00ed de organizaciones, \u00a1ya basta de violencia! \u00a1ya basta!\u201d.<\/p>\n\n\n\n<p>As\u00ed reproch\u00f3 el Arzobispo de Antequera Oaxaca, Pedro V\u00e1zquez Villalobos, las constantes pugnas y hechos violentos en la entidad, al tiempo de hacer un llamado a la paz.&nbsp;<\/p>\n\n\n\n<p>\u201cNo pronuncio los nombres, pero ellos saben a qui\u00e9n le estoy hablando. Espero que escuche, porque tambi\u00e9n me dicen: lo escuchamos los domingos, lo escuchamos los domingos.&nbsp;<\/p>\n\n\n\n<p>\u201cPues, espero que estos pueblos que pelean me est\u00e9n escuchando este domingo y que puedan llevar este mensaje a quienes son sus autoridades en la comunidad y que se sienten a escuchar a Dios que nos pide que nos amemos, que nos respetemos, que nos valoremos, que vivamos en paz\u201d, dijo.<\/p>\n\n\n\n<p>Durante su homil\u00eda dominical en la Catedral de la ciudad de Oaxaca, el prelado insisti\u00f3:<\/p>\n\n\n\n<p>\u201c\u2026pedirle a&nbsp;nuestro pueblo, a nuestro pueblo de Oaxaca, \u00bfpor qu\u00e9 tanto odio entre nosotros? \u00bfpor qu\u00e9? \u00bfpor qu\u00e9 tanto odio entre pueblos y pueblos? \u00bfpor qu\u00e9 se pierde la paz?&nbsp;<\/p>\n\n\n\n<p>\u201cDe nuevo luchas fratricidas de pueblo contra otro pueblo. \u00bfCu\u00e1ndo vamos a terminar con todo esto? Si no ponemos un alto a esto, seguiremos sembrando no la semilla del amor, Dios nos va a pedir cuenta de eso, que no sembramos la semilla del&nbsp;amor&nbsp;sino que s\u00f3lo sembramos la semilla del odio, de la venganza\u201d.<\/p>\n\n\n\n<p>V\u00e1zquez Villalobos llam\u00f3 a frenar las confrontaciones y a no pelear entre hermanos:<\/p>\n\n\n\n<p>\u201cNos estamos peleando, hijos de Dios contra otros hijos de Dios, oaxaque\u00f1os contra oaxaque\u00f1os. \u00a1Ya, ya es suficiente tanto pleito, tanta muerte, tanta violencia!\u201d.&nbsp;<\/p>\n\n\n\n<p>\u201cVamos a vivir la Semana Santa, \u00bfno nos har\u00e1 pensar el Se\u00f1or el por qu\u00e9 peleamos? Si \u00c9l nos perdon\u00f3 en la Cruz, \u00bfnosotros no podremos perdonarnos entre hermanos?\u201d, dijo ayer en su mensaje.<\/p>\n","protected":false},"excerpt":{"rendered":"<p>Raymundo Morales\/Zona Roja. Oaxaca de Ju\u00e1rez, Oax., a 18 de marzo de 2024.- \u201cToco el&hellip;<\/p>\n","protected":false},"author":2,"featured_media":66383,"comment_status":"closed","ping_status":"open","sticky":false,"template":"","format":"standard","meta":{"_lmt_disableupdate":"","_lmt_disable":"","_jetpack_memberships_contains_paid_content":false,"footnotes":""},"categories":[109,46],"tags":[2219],"class_list":["post-66382","post","type-post","status-publish","format-standard","has-post-thumbnail","hentry","category-minuto-a-minuto","category-zona-blanca","tag-arzobispo-pedro-vazquez-villalobos"],"jetpack_featured_media_url":"https:\/\/zonaroja.com.mx\/wp-content\/uploads\/2024\/03\/Homilia-Arzobispo-Oaxaca-Catedral.jpg","jetpack_sharing_enabled":true,"_links":{"self":[{"href":"https:\/\/zonaroja.com.mx\/index.php?rest_route=\/wp\/v2\/posts\/66382","targetHints":{"allow":["GET"]}}],"collection":[{"href":"https:\/\/zonaroja.com.mx\/index.php?rest_route=\/wp\/v2\/posts"}],"about":[{"href":"https:\/\/zonaroja.com.mx\/index.php?rest_route=\/wp\/v2\/types\/post"}],"author":[{"embeddable":true,"href":"https:\/\/zonaroja.com.mx\/index.php?rest_route=\/wp\/v2\/users\/2"}],"replies":[{"embeddable":true,"href":"https:\/\/zonaroja.com.mx\/index.php?rest_route=%2Fwp%2Fv2%2Fcomments&post=66382"}],"version-history":[{"count":1,"href":"https:\/\/zonaroja.com.mx\/index.php?rest_route=\/wp\/v2\/posts\/66382\/revisions"}],"predecessor-version":[{"id":66384,"href":"https:\/\/zonaroja.com.mx\/index.php?rest_route=\/wp\/v2\/posts\/66382\/revisions\/66384"}],"wp:featuredmedia":[{"embeddable":true,"href":"https:\/\/zonaroja.com.mx\/index.php?rest_route=\/wp\/v2\/media\/66383"}],"wp:attachment":[{"href":"https:\/\/zonaroja.com.mx\/index.php?rest_route=%2Fwp%2Fv2%2Fmedia&parent=66382"}],"wp:term":[{"taxonomy":"category","embeddable":true,"href":"https:\/\/zonaroja.com.mx\/index.php?rest_route=%2Fwp%2Fv2%2Fcategories&post=66382"},{"taxonomy":"post_tag","embeddable":true,"href":"https:\/\/zonaroja.com.mx\/index.php?rest_route=%2Fwp%2Fv2%2Ftags&post=66382"}],"curies":[{"name":"wp","href":"https:\/\/api.w.org\/{rel}","templated":true}]}}