{"id":66388,"date":"2024-03-18T19:08:46","date_gmt":"2024-03-19T01:08:46","guid":{"rendered":"http:\/\/www.zonaroja.com.mx\/?p=66388"},"modified":"2024-03-18T19:08:48","modified_gmt":"2024-03-19T01:08:48","slug":"oaxaca-segunda-entidad-del-pais-con-mas-danos-forestales-por-incendios","status":"publish","type":"post","link":"https:\/\/zonaroja.com.mx\/?p=66388","title":{"rendered":"Oaxaca, segunda entidad del pa\u00eds con m\u00e1s da\u00f1os forestales por incendios"},"content":{"rendered":"\n<p>Yuridiana Sosa\/Zona Roja.<\/p>\n\n\n\n<p>Oaxaca de Ju\u00e1rez, Oax., 18 de marzo de 2024.- Tan s\u00f3lo en dos meses y medio, el estado de Oaxaca ya se coloca como la segunda del pa\u00eds con m\u00e1s hect\u00e1reas siniestradas por incendios, forestales y de pastizales, con m\u00e1s de cinco mil 443, s\u00f3lo despu\u00e9s de Chiapas.<\/p>\n\n\n\n<p>La titular de la Comisi\u00f3n Estatal Forestal, Magdalena Coello Castillo, se\u00f1al\u00f3 en la conferencia matutina de este lunes que la cifra a\u00fan es preliminar, por lo que la cifra aumentar\u00e1 al t\u00e9rmino del conteo una vez que terminen los trabajos de combate en los incendios activos.<\/p>\n\n\n\n<p>De enero al 16 de marzo se registraron 54 incendios forestales y 17 de pastizales, con mayor actividad durante el mes de febrero, con 31 conflagraciones forestales, en marzo van 14 y en enero, nueve.<\/p>\n\n\n\n<p>En la regi\u00f3n de Valles Centrales se ha registrado el mayor n\u00famero de incendios, con 33; en la Mixteca, 14; Sierra Sur, siete; Istmo, ocho; Sierra de Ju\u00e1rez, seis; Sierra de Flores Mag\u00f3n, Costa y Papaloapan, uno cada uno.<\/p>\n\n\n\n<p>Para el combate a los incendios, reconoci\u00f3 que los comuneros realizan el 80 por ciento de las actividades de combate al fuego.<\/p>\n\n\n\n<p>Mientras que indic\u00f3 que la mayor\u00eda de las causas de los incendios se atribuyen a actividades con fines agr\u00edcolas y pecuarios, y pese al dif\u00edcil escenario, el gobierno del estado s\u00f3lo aplic\u00f3 un exhorto a los municipios para &nbsp;reducir los riesgos de incendios forestales a trav\u00e9s de una suspensi\u00f3n de uso de fuego.<\/p>\n\n\n\n<p>SIN ATLAS CONCRETOS<\/p>\n\n\n\n<p>Por otra parte, a m\u00e1s de un a\u00f1o de administraci\u00f3n, el gobierno de Oaxaca a\u00fan no concreta los 40 Atlas Municipales de Riesgo y 40 Planes de Ordenamiento Territoriales con los que empez\u00f3 a trabajar.<\/p>\n\n\n\n<p>La directora del Instituto de Planeaci\u00f3n al Bienestar, Juanita Cruz, indic\u00f3 que podr\u00eda ser hasta finales de abril cuando se podr\u00e1n tener los documentos terminados y los 40 atlas de riesgos.<\/p>\n\n\n\n<p>De dicha cantidad de municipios han logrado la instalaci\u00f3n de 36 consejos municipales, pero faltan seis por problemas administrativos que est\u00e1n por resolverse con apoyo de la Secretar\u00eda de Gobierno.<\/p>\n\n\n\n<p>Se\u00f1al\u00f3 que al inicio de la administraci\u00f3n actual recibieron 36 atlas de riesgos del 2010, de los 570 municipios en la entidad, y cuatro planes municipales de desarrollo urbano al 2021.<\/p>\n\n\n\n<p>\u201cNos propusimos mitigar los riesgos a trav\u00e9s de Atlas municipales de riesgos y planes de ordenamiento territorial que fortalezcan el ordenamiento territorial evitando inversiones de infraestructura y asentamientos humanos en territorios de condiciones de alto riesgo\u201d, indic\u00f3.<\/p>\n","protected":false},"excerpt":{"rendered":"<p>Yuridiana Sosa\/Zona Roja. Oaxaca de Ju\u00e1rez, Oax., 18 de marzo de 2024.- Tan s\u00f3lo en&hellip;<\/p>\n","protected":false},"author":2,"featured_media":39631,"comment_status":"closed","ping_status":"open","sticky":false,"template":"","format":"standard","meta":{"_lmt_disableupdate":"","_lmt_disable":"","_jetpack_memberships_contains_paid_content":false,"footnotes":""},"categories":[109,47],"tags":[1256],"class_list":["post-66388","post","type-post","status-publish","format-standard","has-post-thumbnail","hentry","category-minuto-a-minuto","category-zona-gris","tag-incendios-forestales-oaxaca"],"jetpack_featured_media_url":"https:\/\/zonaroja.com.mx\/wp-content\/uploads\/2022\/04\/Incendios-forestales-Oaxaca.jpg","jetpack_sharing_enabled":true,"_links":{"self":[{"href":"https:\/\/zonaroja.com.mx\/index.php?rest_route=\/wp\/v2\/posts\/66388","targetHints":{"allow":["GET"]}}],"collection":[{"href":"https:\/\/zonaroja.com.mx\/index.php?rest_route=\/wp\/v2\/posts"}],"about":[{"href":"https:\/\/zonaroja.com.mx\/index.php?rest_route=\/wp\/v2\/types\/post"}],"author":[{"embeddable":true,"href":"https:\/\/zonaroja.com.mx\/index.php?rest_route=\/wp\/v2\/users\/2"}],"replies":[{"embeddable":true,"href":"https:\/\/zonaroja.com.mx\/index.php?rest_route=%2Fwp%2Fv2%2Fcomments&post=66388"}],"version-history":[{"count":1,"href":"https:\/\/zonaroja.com.mx\/index.php?rest_route=\/wp\/v2\/posts\/66388\/revisions"}],"predecessor-version":[{"id":66389,"href":"https:\/\/zonaroja.com.mx\/index.php?rest_route=\/wp\/v2\/posts\/66388\/revisions\/66389"}],"wp:featuredmedia":[{"embeddable":true,"href":"https:\/\/zonaroja.com.mx\/index.php?rest_route=\/wp\/v2\/media\/39631"}],"wp:attachment":[{"href":"https:\/\/zonaroja.com.mx\/index.php?rest_route=%2Fwp%2Fv2%2Fmedia&parent=66388"}],"wp:term":[{"taxonomy":"category","embeddable":true,"href":"https:\/\/zonaroja.com.mx\/index.php?rest_route=%2Fwp%2Fv2%2Fcategories&post=66388"},{"taxonomy":"post_tag","embeddable":true,"href":"https:\/\/zonaroja.com.mx\/index.php?rest_route=%2Fwp%2Fv2%2Ftags&post=66388"}],"curies":[{"name":"wp","href":"https:\/\/api.w.org\/{rel}","templated":true}]}}