{"id":66399,"date":"2024-03-19T09:30:00","date_gmt":"2024-03-19T15:30:00","guid":{"rendered":"http:\/\/www.zonaroja.com.mx\/?p=66399"},"modified":"2024-03-19T09:28:42","modified_gmt":"2024-03-19T15:28:42","slug":"san-pedro-el-alto-pide-intervencion-directa-de-amlo-para-evitar-bano-de-sangre","status":"publish","type":"post","link":"https:\/\/zonaroja.com.mx\/?p=66399","title":{"rendered":"San Pedro El Alto pide intervenci\u00f3n directa de AMLO, para evitar ba\u00f1o de sangre"},"content":{"rendered":"\n<p>Yuridiana Sosa\/Zona Roja.<\/p>\n\n\n\n<p>Oaxaca de Ju\u00e1rez, Oax., 19 de marzo de 2024.- Autoridades comunales San Pedro ElAlto, Zimatl\u00e1n de \u00c1lvarez, volvieron a lanzar otro llamado de atenci\u00f3n a las autoridades federales y estatales, para que de forma urgente intervengan ante los permanentes actos de amenazas de muerte de Santo Domingo Teojomulco, y evitar un derramamiento de sangre.<\/p>\n\n\n\n<p>Y a falta de acci\u00f3n del gobierno de Salom\u00f3n Jara Cruz, esta ma\u00f1ana iniciaron un bloqueo en ola carretera lateral a Ciudad Administrativa, oficinas de gobierno ubicadas en el municipio de Tlalixtac de Cabrera, al oriente de la capital, as\u00ed como a los tres accesos al Palacio de Gobierno.<\/p>\n\n\n\n<p>Previo a ello, las autoridades, en representaci\u00f3n de su comunidad, enviaron una carta dirigida al Presidente de M\u00e9xico, Andr\u00e9s Manuel L\u00f3pez Obrador, y al gobernador de Oaxaca, Salom\u00f3n Jara Cruz; con esta suman dos escritos en menos de una semana, el pasado enviado el 13 de marzo a las autoridades agrarias.<\/p>\n\n\n\n<p>Pero ante la dilaci\u00f3n de las atenciones y el latente riesgo en el que se encuentra la poblaci\u00f3n, y que ha derivado en par\u00e1lisis de diversas actividades, San Pedro El Alto responsabiliza de cualquier acto violento a las autoridades, as\u00ed como advirti\u00f3 que si no recibe pronta soluci\u00f3n, realizar\u00e1n las acciones de protesta necesarias para obtenerse inmediata atenci\u00f3n.<\/p>\n\n\n\n<p>Lo anterior ante la desesperaci\u00f3n del acoso violento que han vivido en los \u00faltimos d\u00edas con mayor intensidad.<\/p>\n\n\n\n<p>Luego de una batalla por la defensa de sus tierras que se aviv\u00f3 en el a\u00f1o 2013, con invasi\u00f3n de sus tierras por parte de pobladores de Santo Domingo Teojomulco, desde el pasado 10 de marzo han sido despojados de sus propiedades con amenazas.<\/p>\n\n\n\n<p>En esa ocasi\u00f3n, los pobladores vecinos se presentaron una vez m\u00e1s en el paraje El Manzanal y portando diversas armas de fuego amenazaron a sus habitantes para que se retiraran del lugar, el cual se\u00f1alan sin justificaci\u00f3n legal que son sus tierras.<\/p>\n\n\n\n<p>Pero el momento m\u00e1s \u00e1lgidos se vivi\u00f3 el 13 de marzo, cuando personas de Santo Domingo de nueva cuenta se presentaron en la rancher\u00eda La Cofrad\u00eda, donde se ubica el centro de operaciones y el campamento de la unidad forestal, para ordenar el retiro de nuestros comuneros, esposos e hijos, o de lo contrario los matar\u00edan.<\/p>\n\n\n\n<p>OTRAS CONSECUENCIAS<\/p>\n\n\n\n<p>Por los constantes actos violentos la poblaci\u00f3n determin\u00f3 la suspensi\u00f3n de clases en todos los niveles educativos como medida de seguridad para sus hijos.<\/p>\n\n\n\n<p>As\u00ed tambi\u00e9n se ha dificultado la realizaci\u00f3n de las actividades cotidianas y por consecuencia ha alterado la paz social en su poblaci\u00f3n.<\/p>\n\n\n\n<p>Por todo ello exigieron&nbsp; la presencia permanente de una brigada de operaciones mixtas en la zona y que el caso sea planteado en la mesa de seguridad a nivel nacional para que se pueda construir una ruta de soluci\u00f3n definitiva para la restituci\u00f3n de sus tierras.<\/p>\n","protected":false},"excerpt":{"rendered":"<p>Yuridiana Sosa\/Zona Roja. Oaxaca de Ju\u00e1rez, Oax., 19 de marzo de 2024.- Autoridades comunales San&hellip;<\/p>\n","protected":false},"author":2,"featured_media":66411,"comment_status":"closed","ping_status":"open","sticky":false,"template":"","format":"standard","meta":{"_lmt_disableupdate":"","_lmt_disable":"","_jetpack_memberships_contains_paid_content":false,"footnotes":""},"categories":[109,47],"tags":[3815],"class_list":["post-66399","post","type-post","status-publish","format-standard","has-post-thumbnail","hentry","category-minuto-a-minuto","category-zona-gris","tag-san-pedro-el-alto"],"jetpack_featured_media_url":"https:\/\/zonaroja.com.mx\/wp-content\/uploads\/2024\/03\/Protesta-oaxaca-San-Pedro-El-Alto.jpg","jetpack_sharing_enabled":true,"_links":{"self":[{"href":"https:\/\/zonaroja.com.mx\/index.php?rest_route=\/wp\/v2\/posts\/66399","targetHints":{"allow":["GET"]}}],"collection":[{"href":"https:\/\/zonaroja.com.mx\/index.php?rest_route=\/wp\/v2\/posts"}],"about":[{"href":"https:\/\/zonaroja.com.mx\/index.php?rest_route=\/wp\/v2\/types\/post"}],"author":[{"embeddable":true,"href":"https:\/\/zonaroja.com.mx\/index.php?rest_route=\/wp\/v2\/users\/2"}],"replies":[{"embeddable":true,"href":"https:\/\/zonaroja.com.mx\/index.php?rest_route=%2Fwp%2Fv2%2Fcomments&post=66399"}],"version-history":[{"count":3,"href":"https:\/\/zonaroja.com.mx\/index.php?rest_route=\/wp\/v2\/posts\/66399\/revisions"}],"predecessor-version":[{"id":66412,"href":"https:\/\/zonaroja.com.mx\/index.php?rest_route=\/wp\/v2\/posts\/66399\/revisions\/66412"}],"wp:featuredmedia":[{"embeddable":true,"href":"https:\/\/zonaroja.com.mx\/index.php?rest_route=\/wp\/v2\/media\/66411"}],"wp:attachment":[{"href":"https:\/\/zonaroja.com.mx\/index.php?rest_route=%2Fwp%2Fv2%2Fmedia&parent=66399"}],"wp:term":[{"taxonomy":"category","embeddable":true,"href":"https:\/\/zonaroja.com.mx\/index.php?rest_route=%2Fwp%2Fv2%2Fcategories&post=66399"},{"taxonomy":"post_tag","embeddable":true,"href":"https:\/\/zonaroja.com.mx\/index.php?rest_route=%2Fwp%2Fv2%2Ftags&post=66399"}],"curies":[{"name":"wp","href":"https:\/\/api.w.org\/{rel}","templated":true}]}}