{"id":66405,"date":"2024-03-19T11:30:00","date_gmt":"2024-03-19T17:30:00","guid":{"rendered":"http:\/\/www.zonaroja.com.mx\/?p=66405"},"modified":"2024-03-19T07:52:03","modified_gmt":"2024-03-19T13:52:03","slug":"grupo-armado-deja-cuerpos-de-ejecutados-frente-a-presidencia-municipal-de-cazones","status":"publish","type":"post","link":"https:\/\/zonaroja.com.mx\/?p=66405","title":{"rendered":"Grupo armado deja cuerpos de ejecutados frente a presidencia municipal de Cazones"},"content":{"rendered":"\n<p>Redacci\u00f3n\/Zona Roja Cdmx.<\/p>\n\n\n\n<p>Ciudad de M\u00e9xico, a 19 de marzo de 2024.- Sujetos armados protagonizaron una balacera la ma\u00f1ana de este lunes 18 de marzo en la zona centro del municipio de Cazones de Herrera, Veracruz, hecho violento que dio como resultado la aparici\u00f3n de cuerpos frente al placio municipal.<\/p>\n\n\n\n<p>Los hechos se habr\u00edan presentado alrededor de las 11:00 horas; los sujetos llegaron a la zona que se encuentra frente al palacio municipal, en donde fueron depositados varios restos humanos.<\/p>\n\n\n\n<p>Entre estos restos destacan varias cabezas humanas que fueron depositadas frente al palacio municipal, lo que despert\u00f3 la alarma y el terror entre los habitantes de ese municipio de Veracruz, quienes se vieron sorprendidos por este hecho lamentable.<\/p>\n\n\n\n<p>En la zona en donde se presentaron los hechos llegaron varios sujetos desconocidos que dispararon sus armas, lo que despert\u00f3 la alarma entre los habitantes de ese sector y la movilizaci\u00f3n de corporaciones de seguridad.<\/p>\n\n\n\n<p>Fuerzas de Seguridad, en coordinaci\u00f3n con la Fiscal\u00eda de Veracruz, activaron operativo c\u00f3digo rojo tras los hechos ocurridos en Cazones de Herrera.<\/p>\n\n\n\n<p>Las corporaciones policiales, de seguridad p\u00fablica y procuraci\u00f3n de justicia, mantienen un operativo de b\u00fasqueda y localizaci\u00f3n para dar con los implicados.<\/p>\n","protected":false},"excerpt":{"rendered":"<p>Redacci\u00f3n\/Zona Roja Cdmx. Ciudad de M\u00e9xico, a 19 de marzo de 2024.- Sujetos armados protagonizaron&hellip;<\/p>\n","protected":false},"author":2,"featured_media":66406,"comment_status":"closed","ping_status":"open","sticky":false,"template":"","format":"standard","meta":{"_lmt_disableupdate":"","_lmt_disable":"","_jetpack_memberships_contains_paid_content":false,"footnotes":""},"categories":[109,47],"tags":[],"class_list":["post-66405","post","type-post","status-publish","format-standard","has-post-thumbnail","hentry","category-minuto-a-minuto","category-zona-gris"],"jetpack_featured_media_url":"https:\/\/zonaroja.com.mx\/wp-content\/uploads\/2024\/03\/Cuerpos-desmembrados-Cazones-Veracruz.jpg","jetpack_sharing_enabled":true,"_links":{"self":[{"href":"https:\/\/zonaroja.com.mx\/index.php?rest_route=\/wp\/v2\/posts\/66405","targetHints":{"allow":["GET"]}}],"collection":[{"href":"https:\/\/zonaroja.com.mx\/index.php?rest_route=\/wp\/v2\/posts"}],"about":[{"href":"https:\/\/zonaroja.com.mx\/index.php?rest_route=\/wp\/v2\/types\/post"}],"author":[{"embeddable":true,"href":"https:\/\/zonaroja.com.mx\/index.php?rest_route=\/wp\/v2\/users\/2"}],"replies":[{"embeddable":true,"href":"https:\/\/zonaroja.com.mx\/index.php?rest_route=%2Fwp%2Fv2%2Fcomments&post=66405"}],"version-history":[{"count":1,"href":"https:\/\/zonaroja.com.mx\/index.php?rest_route=\/wp\/v2\/posts\/66405\/revisions"}],"predecessor-version":[{"id":66407,"href":"https:\/\/zonaroja.com.mx\/index.php?rest_route=\/wp\/v2\/posts\/66405\/revisions\/66407"}],"wp:featuredmedia":[{"embeddable":true,"href":"https:\/\/zonaroja.com.mx\/index.php?rest_route=\/wp\/v2\/media\/66406"}],"wp:attachment":[{"href":"https:\/\/zonaroja.com.mx\/index.php?rest_route=%2Fwp%2Fv2%2Fmedia&parent=66405"}],"wp:term":[{"taxonomy":"category","embeddable":true,"href":"https:\/\/zonaroja.com.mx\/index.php?rest_route=%2Fwp%2Fv2%2Fcategories&post=66405"},{"taxonomy":"post_tag","embeddable":true,"href":"https:\/\/zonaroja.com.mx\/index.php?rest_route=%2Fwp%2Fv2%2Ftags&post=66405"}],"curies":[{"name":"wp","href":"https:\/\/api.w.org\/{rel}","templated":true}]}}