{"id":66416,"date":"2024-03-19T12:34:00","date_gmt":"2024-03-19T18:34:00","guid":{"rendered":"http:\/\/www.zonaroja.com.mx\/?p=66416"},"modified":"2024-03-19T09:36:52","modified_gmt":"2024-03-19T15:36:52","slug":"joven-artesano-represento-a-oaxaca-en-rusia","status":"publish","type":"post","link":"https:\/\/zonaroja.com.mx\/?p=66416","title":{"rendered":"Joven artesano represent\u00f3 a Oaxaca en Rusia"},"content":{"rendered":"\n<p>Redacci\u00f3n\/Zona Roja.&nbsp;<\/p>\n\n\n\n<p>Oaxaca de Ju\u00e1rez, Oax. 19 de marzo de 2024.- La riqueza textil de Oaxaca fue compartida de la mano del joven artesano Michael Dur\u00e1n Echeverr\u00eda, en el Festival Mundial de la Juventud que se realiz\u00f3 del 1 al 7 de marzo, en Sochi, Rusia.<\/p>\n\n\n\n<p>En este festival que reuni\u00f3 a j\u00f3venes especialistas en diferentes \u00e1reas de m\u00e1s de 180 pa\u00edses provenientes de Am\u00e9rica, Oriente Medio, \u00c1frica, Europa, Asia y Ocean\u00eda, el joven creador originario de San Mateo del Mar, present\u00f3 sus habilidades art\u00edsticas.<\/p>\n\n\n\n<p>Durante este encuentro al que asisti\u00f3 luego de haber sido seleccionado, Michael Dur\u00e1n Echeverr\u00eda dio a conocer sus procesos creativos para la elaboraci\u00f3n artesanal de los textiles m\u00e1s representativos de la cultura de su comunidad.<\/p>\n\n\n\n<p>El joven oaxaque\u00f1o egresado de la Licenciatura de Artes Pl\u00e1sticas manifest\u00f3 que su participaci\u00f3n en este Festival Mundial de la Juventud, que fue posible con el apoyo de la Secretar\u00eda de Desarrollo Econ\u00f3mico (Sedeco), represent\u00f3 toda una experiencia que le permiti\u00f3 compartir parte de la cultura de Oaxaca.<\/p>\n\n\n\n<p>\u201cEspero que esta experiencia se repita y que puedan participar m\u00e1s j\u00f3venes que no han tenido esta oportunidad, para dar a conocer a otros pa\u00edses y otras culturas el talento con el que cuenta nuestro pa\u00eds M\u00e9xico y en especial Oaxaca\u201d, refiri\u00f3.&nbsp;<\/p>\n\n\n\n<p>En este encuentro, que tiene como misi\u00f3n impulsar un movimiento juvenil global con justicia, Dur\u00e1n Echeverr\u00eda particip\u00f3 en el foro Pueblos Originarios, espacio en el que se abord\u00f3 la importancia de rescatar las lenguas originarias, \u201clas cuales generan v\u00ednculos sociales en los pueblos donde se hablan\u201d, expres\u00f3.<\/p>\n","protected":false},"excerpt":{"rendered":"<p>Redacci\u00f3n\/Zona Roja.&nbsp; Oaxaca de Ju\u00e1rez, Oax. 19 de marzo de 2024.- La riqueza textil de&hellip;<\/p>\n","protected":false},"author":2,"featured_media":66417,"comment_status":"closed","ping_status":"open","sticky":false,"template":"","format":"standard","meta":{"_lmt_disableupdate":"","_lmt_disable":"","_jetpack_memberships_contains_paid_content":false,"footnotes":""},"categories":[109,46],"tags":[],"class_list":["post-66416","post","type-post","status-publish","format-standard","has-post-thumbnail","hentry","category-minuto-a-minuto","category-zona-blanca"],"jetpack_featured_media_url":"https:\/\/zonaroja.com.mx\/wp-content\/uploads\/2024\/03\/FESTIVAL-JUVENTUD-2.jpeg","jetpack_sharing_enabled":true,"_links":{"self":[{"href":"https:\/\/zonaroja.com.mx\/index.php?rest_route=\/wp\/v2\/posts\/66416","targetHints":{"allow":["GET"]}}],"collection":[{"href":"https:\/\/zonaroja.com.mx\/index.php?rest_route=\/wp\/v2\/posts"}],"about":[{"href":"https:\/\/zonaroja.com.mx\/index.php?rest_route=\/wp\/v2\/types\/post"}],"author":[{"embeddable":true,"href":"https:\/\/zonaroja.com.mx\/index.php?rest_route=\/wp\/v2\/users\/2"}],"replies":[{"embeddable":true,"href":"https:\/\/zonaroja.com.mx\/index.php?rest_route=%2Fwp%2Fv2%2Fcomments&post=66416"}],"version-history":[{"count":1,"href":"https:\/\/zonaroja.com.mx\/index.php?rest_route=\/wp\/v2\/posts\/66416\/revisions"}],"predecessor-version":[{"id":66418,"href":"https:\/\/zonaroja.com.mx\/index.php?rest_route=\/wp\/v2\/posts\/66416\/revisions\/66418"}],"wp:featuredmedia":[{"embeddable":true,"href":"https:\/\/zonaroja.com.mx\/index.php?rest_route=\/wp\/v2\/media\/66417"}],"wp:attachment":[{"href":"https:\/\/zonaroja.com.mx\/index.php?rest_route=%2Fwp%2Fv2%2Fmedia&parent=66416"}],"wp:term":[{"taxonomy":"category","embeddable":true,"href":"https:\/\/zonaroja.com.mx\/index.php?rest_route=%2Fwp%2Fv2%2Fcategories&post=66416"},{"taxonomy":"post_tag","embeddable":true,"href":"https:\/\/zonaroja.com.mx\/index.php?rest_route=%2Fwp%2Fv2%2Ftags&post=66416"}],"curies":[{"name":"wp","href":"https:\/\/api.w.org\/{rel}","templated":true}]}}