{"id":66424,"date":"2024-03-19T14:03:00","date_gmt":"2024-03-19T20:03:00","guid":{"rendered":"http:\/\/www.zonaroja.com.mx\/?p=66424"},"modified":"2024-03-19T14:03:01","modified_gmt":"2024-03-19T20:03:01","slug":"ahora-asesinan-en-oaxaca-a-profesor-indigena-y-candidato-a-concejal","status":"publish","type":"post","link":"https:\/\/zonaroja.com.mx\/?p=66424","title":{"rendered":"Ahora asesinan en Oaxaca a profesor ind\u00edgena y candidato a concejal"},"content":{"rendered":"\n<p>Ismael Garc\u00eda M.\/Zona Roja.&nbsp;<\/p>\n\n\n\n<p>Oaxaca de Ju\u00e1rez, Oax., a 19 de marzo de 2024.- Un profesor ind\u00edgena, militante de la organizaci\u00f3n CIPO y candidato a concejal, fue asesinado a balazos en una comunidad de Oaxaca.&nbsp;<\/p>\n\n\n\n<p>Con ello suman seis cr\u00edmenes registrados en menos de 24 horas, cuatro de ellos en la regi\u00f3n del Istmo y uno en la Mixteca.<\/p>\n\n\n\n<p>Fue anoche en que acribillaron al maestro Palem\u00f3n V. C., afiliado a la Secci\u00f3n 22 del SNTE, cuando arribaba a su domicilio, en la localidad de Santa Elena Comaltepec, municipio de Santiago Jamiltepec.&nbsp;<\/p>\n\n\n\n<p>Presuntamente sujetos armados a bordo de una motocicleta lo asesinaron, tras lo cual se dieron a la fuga.<\/p>\n\n\n\n<p>De acuerdo con el portal informativo \u201cCMM Noticias\u201d,&nbsp;la v\u00edctima era parte de la planilla del capit\u00e1n Luis Ignacio Valladolid Calder\u00f3n, candidato del PUP y Nueva Alianza a edil en Jamiltepec.<\/p>\n\n\n\n<p>Era militante del&nbsp;Consejo Ind\u00edgena Popular de Oaxaca \u201cRicardo Flores Mag\u00f3n\u201d (CIPO) y un reconocido luchador social y promotor de la cultura mixteca.&nbsp;<\/p>\n\n\n\n<p>Por este caso, dicha organizaci\u00f3n social emiti\u00f3 un comunicado, en que exigi\u00f3 justicia por este crimen: <\/p>\n\n\n\n<p>\u201cNuestros corazones est\u00e1n llenos de rabia y dolor porque nos han arrebatado a nuestro hermano ind\u00edgena mixteco profesor Palem\u00f3n V\u00e1zquez Cajero integrante del Consejo Ind\u00edgena Popular de Oaxaca \u2018Ricardo Flores Mag\u00f3n\u2019, y miembro activo de la Secci\u00f3n XXII; fue vilmente asesinado hoy 18 de marzo a las 20:10 de la noche cuando regresaba a su casa, despu\u00e9s de haber atendido su cargo comunitario como secretario del Comisariado Ejidal en la agencia municipal de su pueblo Santa Elena Comaltepec, Jamiltepec, Oaxaca.<\/p>\n\n\n\n<p>\u201cCaminaba tranquilamente por la calle principal cuando un hombre en una moto pas\u00f3 dispar\u00e1ndole de manera certera, quit\u00e1ndole la vida instant\u00e1neamente.<\/p>\n\n\n\n<p>\u201cNuestro querido profesor Palem\u00f3n V\u00e1zquez Cajero era del nivel de Educaci\u00f3n ind\u00edgena, se encontraba comisionado en la jefatura 015; era un luchador incansable en la defensa de los derechos de su pueblo, de los derechos de ni\u00f1os y ni\u00f1as, de las mujeres y de los derechos de los trabajadores de la educaci\u00f3n; ademas de un promotor de la cultura mixteca, siempre con sus proyectos para que su lengua, su cultura e identidad ind\u00edgena mixteca no se perdiera.<\/p>\n\n\n\n<p>\u201cSu asesinato no puede quedar impune, por este medio les estamos pidiendo que se unan a nuestra voz para exigirles a las autoridades que encuentren al autor material e intelectual de su muerte\u201d.<\/p>\n","protected":false},"excerpt":{"rendered":"<p>Ismael Garc\u00eda M.\/Zona Roja.&nbsp; Oaxaca de Ju\u00e1rez, Oax., a 19 de marzo de 2024.- Un&hellip;<\/p>\n","protected":false},"author":2,"featured_media":62289,"comment_status":"closed","ping_status":"open","sticky":false,"template":"","format":"standard","meta":{"_lmt_disableupdate":"","_lmt_disable":"","_jetpack_memberships_contains_paid_content":false,"footnotes":""},"categories":[109,51],"tags":[],"class_list":["post-66424","post","type-post","status-publish","format-standard","has-post-thumbnail","hentry","category-minuto-a-minuto","category-zona-roja"],"jetpack_featured_media_url":"https:\/\/zonaroja.com.mx\/wp-content\/uploads\/2023\/11\/CIPO-RFM.jpg","jetpack_sharing_enabled":true,"_links":{"self":[{"href":"https:\/\/zonaroja.com.mx\/index.php?rest_route=\/wp\/v2\/posts\/66424","targetHints":{"allow":["GET"]}}],"collection":[{"href":"https:\/\/zonaroja.com.mx\/index.php?rest_route=\/wp\/v2\/posts"}],"about":[{"href":"https:\/\/zonaroja.com.mx\/index.php?rest_route=\/wp\/v2\/types\/post"}],"author":[{"embeddable":true,"href":"https:\/\/zonaroja.com.mx\/index.php?rest_route=\/wp\/v2\/users\/2"}],"replies":[{"embeddable":true,"href":"https:\/\/zonaroja.com.mx\/index.php?rest_route=%2Fwp%2Fv2%2Fcomments&post=66424"}],"version-history":[{"count":1,"href":"https:\/\/zonaroja.com.mx\/index.php?rest_route=\/wp\/v2\/posts\/66424\/revisions"}],"predecessor-version":[{"id":66425,"href":"https:\/\/zonaroja.com.mx\/index.php?rest_route=\/wp\/v2\/posts\/66424\/revisions\/66425"}],"wp:featuredmedia":[{"embeddable":true,"href":"https:\/\/zonaroja.com.mx\/index.php?rest_route=\/wp\/v2\/media\/62289"}],"wp:attachment":[{"href":"https:\/\/zonaroja.com.mx\/index.php?rest_route=%2Fwp%2Fv2%2Fmedia&parent=66424"}],"wp:term":[{"taxonomy":"category","embeddable":true,"href":"https:\/\/zonaroja.com.mx\/index.php?rest_route=%2Fwp%2Fv2%2Fcategories&post=66424"},{"taxonomy":"post_tag","embeddable":true,"href":"https:\/\/zonaroja.com.mx\/index.php?rest_route=%2Fwp%2Fv2%2Ftags&post=66424"}],"curies":[{"name":"wp","href":"https:\/\/api.w.org\/{rel}","templated":true}]}}