{"id":66426,"date":"2024-03-19T17:07:00","date_gmt":"2024-03-19T23:07:00","guid":{"rendered":"http:\/\/www.zonaroja.com.mx\/?p=66426"},"modified":"2024-03-19T17:07:01","modified_gmt":"2024-03-19T23:07:01","slug":"inedito-tres-ex-dirigentes-del-pri-a-los-pies-de-salomon-jara-cruz","status":"publish","type":"post","link":"https:\/\/zonaroja.com.mx\/?p=66426","title":{"rendered":"In\u00e9dito: tres ex dirigentes del PRI, a los pies de Salom\u00f3n Jara Cruz"},"content":{"rendered":"\n<p>Raymundo Morales\/Zona Roja.<\/p>\n\n\n\n<p>Oaxaca de Ju\u00e1rez, Oax., a 19 de marzo de 2024.- Los tres son expresidentes del Partido Revolucionario Institucional en Oaxaca.&nbsp;<\/p>\n\n\n\n<p>Los tres y sus familias han sido beneficiados con cargos p\u00fablicos estatales y federales, diputaciones locales, federales y hasta una senadur\u00eda, todo gracias al PRI.&nbsp;<\/p>\n\n\n\n<p>Y los tres han hecho p\u00fablica su cercan\u00eda con el gobernador de Oaxaca, Salom\u00f3n Jara Cruz, emanado de Morena.<\/p>\n\n\n\n<p>Las coincidencias pol\u00edticas entre Eviel P\u00e9rez Maga\u00f1a, Alejandro Avil\u00e9s \u00c1lvarez y Jorge Gonz\u00e1lez Ilescas no son casuales ni concesiones gratuitas. Son parte de las negociaciones y acuerdos con el gobernador Jara Cruz y con Morena.<\/p>\n\n\n\n<p>La pregunta es \u00bfa cambio de qu\u00e9 son las concesiones y la cercan\u00eda?, refieren militantes del priismo.&nbsp;<\/p>\n\n\n\n<p>\u201cPareciera que para mantenerse en el poder y para obtener impunidad, ya sea para ellos o para sus familiares y cercanos\u201d, responden.<\/p>\n\n\n\n<p>Es un hecho que el gobernador no recibe a cualquier pol\u00edtico de oposici\u00f3n, es m\u00e1s, hasta donde se sabe, tampoco se ha reunido con el actual dirigente priista Javier Casique Z\u00e1rate, como s\u00ed pas\u00f3 con Eviel, con Avil\u00e9s y con Jorge Gonz\u00e1lez.<\/p>\n\n\n\n<p>EVIEL, ACOMODATICIO<\/p>\n\n\n\n<p>Eviel P\u00e9rez Maga\u00f1a pas\u00f3 de presidente municipal de Tuxtepec en 2001 a diputado federal en el 2003; fue titular del Instituto de Vivienda y secretario de Obras P\u00fablicas en el sexenio de Ulises Ruiz Ortiz, cargo que dej\u00f3 para ser diputado federal por segunda ocasi\u00f3n en 2009.&nbsp;<\/p>\n\n\n\n<p>En 2010 fue candidato a gobernador por la alianza PRI-PVEM, pero perdi\u00f3 ante Gabino Cu\u00e9 Monteagudo de la alianza PAN-PRD-Convergencia. Despu\u00e9s de su derrota fue nombrado dirigente estatal del PRI hasta el 2012, cuando contendi\u00f3 por el Senado, pero volvi\u00f3 a perder; sin embargo, fue senador de primera minor\u00eda. Ocup\u00f3 la subsecretar\u00eda de Desarrollo Social federal en 2016 y despu\u00e9s la titularidad de esa dependencia en el \u00faltimo a\u00f1o del sexenio de Enrique Pe\u00f1a Nieto, en 2018.<\/p>\n\n\n\n<p>El 25 de septiembre de 2023, Eviel apareci\u00f3 en un evento de la candidata de Morena a la presidencia de Rep\u00fablica, Claudia Sheinbaum, en el auditorio Guelaguetza, para firmar un acuerdo de unidad que suscribieron varios actores pol\u00edticos y sociales. Cuando lo anunciaron, recibi\u00f3 un enorme y deningrante abucheo de los asistentes.<\/p>\n\n\n\n<p>Asimismo, la hija de Eviel, Gabriela P\u00e9rez L\u00f3pez, lleg\u00f3 a la dipuaci\u00f3n local por la v\u00eda plurinominal con las siglas del PRI, pero renunci\u00f3 a su partido para intergrarse a la bancada del Partido Verde Ecologista de M\u00e9xico (PVEM), aliado de Morena, partido que la incluy\u00f3 en sus listas de candidatos a diputados locales como cuota de su aliado el Partido Verde, pero usurpando un lugar que le correspond\u00eda a una persona con discapacidad.<\/p>\n\n\n\n<p>AVIL\u00c9S, IMPRESENTABLE<\/p>\n\n\n\n<p>Alejandro Avil\u00e9s \u00c1lvarez es un pol\u00edtico impresentable. Tanto as\u00ed, que comenz\u00f3 su carrera pol\u00edtica y en la administraci\u00f3n p\u00fablica con un esc\u00e1ndalo, acusado de robarse la n\u00f3mina de del Departamento de Adquisiciones de la Secretar\u00eda de Administraci\u00f3n, donde trabaj\u00f3 en el gobierno de Di\u00f3doro Carrasco.&nbsp;<\/p>\n\n\n\n<p>En el PRI fueron constantes las acusaciones de venta de candidaturas y la \u2018desaparici\u00f3n\u2019 de los recursos destinados a las estructuras electorales.&nbsp;<\/p>\n\n\n\n<p>Ha sido se\u00f1alado de todos los vicios y la corrupci\u00f3n que le atribuyen al tricolor, partido en el que milit\u00f3 toda su vida hasta hace unos 20 d\u00edas, cuando se dio a conocer su inclusi\u00f3n en la lista plurinominal de candidatos a diputados federales del Verde Ecologista, ocupando el quinto lugar de este aliado de Morena en la tercera circunscripci\u00f3n.<\/p>\n\n\n\n<p>Al PRI le debe haber sido tres veces diputado local plurinominal, as\u00ed como funcionario estatal en los sexenio de Ulises Ruiz Ortiz y de Alejandro Murat Hinojosa, donde ocup\u00f3 la secretar\u00eda General de Gobierno, pero fue destituido por el esc\u00e1ndalo medi\u00e1tico que provoc\u00f3 la utilizaci\u00f3n del helic\u00f3ptero del gobierno de Oaxaca como transporte privado de sus familiares y amigos a un destino de playa.<\/p>\n\n\n\n<p>Alejandro Avil\u00e9s tambi\u00e9n fue dirigente estatal del PRI, candidato a gobernador y coordinador de la fracci\u00f3n parlamentaria priista en el actual Congreso local, hasta que se anunci\u00f3 su candidatura por el Partido Verde y, al igual que la hija de Eviel, se integr\u00f3 a la bancada de este aliado de Morena.<\/p>\n\n\n\n<p>Por lo pronto, se ha olvidado la orden de aprehensi\u00f3n contra su hermano Carlos Humberto Avil\u00e9s \u00c1lvarez, por el presunto delito de ejercicio il\u00edcito del servicio p\u00fablico en agravio del Colegio de Estudios Cient\u00edficos y Tecnol\u00f3gicos del Estado de Oaxaca (Cecyteo), donde ocup\u00f3 el cargo de director de Educaci\u00f3n a Distancia.<\/p>\n\n\n\n<p>ILESCAS, PRIISTA \u2018MORENIZADO\u2019<\/p>\n\n\n\n<p>No ha renunciado al PRI, pero los encuentros de Jorge Gonz\u00e1lez Ilescas con el gobernador Salom\u00f3n Jara provocan suspicacias.&nbsp;<\/p>\n\n\n\n<p>El 25 de octubre de 2021 los reporteros lo encontraron en el informe del entonces senador Jara Cruz, evento que sirvi\u00f3 para \u2018destaparlo\u2019 como aspirante de Morena al gobierno de Oaxaca. Cuando los periodistas lo cuestionaron, Gonz\u00e1lez Ilescas se justific\u00f3 diciendo: \u201cme hizo favor de invitarme y yo acudo con mucho gusto, es mi amigo\u201d.<\/p>\n\n\n\n<p>Y parece que s\u00ed le tienen consideraciones, porque el 31 de marzo de 2023 el priista escribi\u00f3 en su cuenta de Twitter: \u201cAgradezco la invitaci\u00f3n y la deferencia del gobernador Salomon Jara&nbsp; para platicar con \u00e9l, acerca de los anhelados planes de desarrollo de nuestro estado, gesto que confirma que si es posible la convivencia en pluralidad\u201d (sic). El mensaje estaba acompa\u00f1ado de una foto con el titular del Poder Ejecutivo de Oaxaca.<\/p>\n\n\n\n<p>Jorge Gonz\u00e1lez Ilescas tiene una larga trayectoria en el PRI; entre las principales posiciones, ha sido secretario general del Comit\u00e9 Directivo Estatal y secretario general de la CNOP, el Sector Popular priista. Al igual que Eviel y Avil\u00e9s, tambi\u00e9n fue dirigente estatal de este partido.<\/p>\n\n\n\n<p>Cuestionado por periodistas sobre su reuni\u00f3n con Gonz\u00e1lez Ilescas, el gobernador Jara dijo en su conferencia ma\u00f1anera del 3 de abril de 2023: \u201cNo se asusten. No se espanten. No pasa nada. Vamos a recibir, escuchar a todos. Vino Alejandro Avil\u00e9s y lo recib\u00ed, vino Eviel Perez Maga\u00f1a\u2026 Vino Jorge Ilescas y lo recibo\u201d, confirm\u00f3.<\/p>\n\n\n\n<p>Como pas\u00f3 con el hermano de Avil\u00e9s, tambi\u00e9n dejaron de mencionarse los se\u00f1alamientos por presuntos actos de corrupci\u00f3n contra el hijo de Jorge Gonz\u00e1lez, Rodrigo Gonz\u00e1lez Ilescas, exdirector del Colegio de Bachilleres de Oaxaca en el sexenio pasado<\/p>\n\n\n\n<p>Pareciera que estos priistas tienen una encomienda que se ha vuelto obsesi\u00f3n del actual gobierno de Morena: acabar con el PRI en Oaxaca, borrarlo totalmente del mapa pol\u00edtico-electoral del estado.<\/p>\n","protected":false},"excerpt":{"rendered":"<p>Raymundo Morales\/Zona Roja. Oaxaca de Ju\u00e1rez, Oax., a 19 de marzo de 2024.- Los tres&hellip;<\/p>\n","protected":false},"author":2,"featured_media":66427,"comment_status":"closed","ping_status":"open","sticky":false,"template":"","format":"standard","meta":{"_lmt_disableupdate":"","_lmt_disable":"","_jetpack_memberships_contains_paid_content":false,"footnotes":""},"categories":[109,47],"tags":[],"class_list":["post-66426","post","type-post","status-publish","format-standard","has-post-thumbnail","hentry","category-minuto-a-minuto","category-zona-gris"],"jetpack_featured_media_url":"https:\/\/zonaroja.com.mx\/wp-content\/uploads\/2024\/03\/Salomon-Jara-y-priistas.jpg","jetpack_sharing_enabled":true,"_links":{"self":[{"href":"https:\/\/zonaroja.com.mx\/index.php?rest_route=\/wp\/v2\/posts\/66426","targetHints":{"allow":["GET"]}}],"collection":[{"href":"https:\/\/zonaroja.com.mx\/index.php?rest_route=\/wp\/v2\/posts"}],"about":[{"href":"https:\/\/zonaroja.com.mx\/index.php?rest_route=\/wp\/v2\/types\/post"}],"author":[{"embeddable":true,"href":"https:\/\/zonaroja.com.mx\/index.php?rest_route=\/wp\/v2\/users\/2"}],"replies":[{"embeddable":true,"href":"https:\/\/zonaroja.com.mx\/index.php?rest_route=%2Fwp%2Fv2%2Fcomments&post=66426"}],"version-history":[{"count":1,"href":"https:\/\/zonaroja.com.mx\/index.php?rest_route=\/wp\/v2\/posts\/66426\/revisions"}],"predecessor-version":[{"id":66428,"href":"https:\/\/zonaroja.com.mx\/index.php?rest_route=\/wp\/v2\/posts\/66426\/revisions\/66428"}],"wp:featuredmedia":[{"embeddable":true,"href":"https:\/\/zonaroja.com.mx\/index.php?rest_route=\/wp\/v2\/media\/66427"}],"wp:attachment":[{"href":"https:\/\/zonaroja.com.mx\/index.php?rest_route=%2Fwp%2Fv2%2Fmedia&parent=66426"}],"wp:term":[{"taxonomy":"category","embeddable":true,"href":"https:\/\/zonaroja.com.mx\/index.php?rest_route=%2Fwp%2Fv2%2Fcategories&post=66426"},{"taxonomy":"post_tag","embeddable":true,"href":"https:\/\/zonaroja.com.mx\/index.php?rest_route=%2Fwp%2Fv2%2Ftags&post=66426"}],"curies":[{"name":"wp","href":"https:\/\/api.w.org\/{rel}","templated":true}]}}