{"id":66434,"date":"2024-03-19T20:06:33","date_gmt":"2024-03-20T02:06:33","guid":{"rendered":"http:\/\/www.zonaroja.com.mx\/?p=66434"},"modified":"2024-03-19T20:06:34","modified_gmt":"2024-03-20T02:06:34","slug":"tras-puente-vuelven-protestas-y-bloqueo-a-la-capital-gobierno-no-soluciona-senalan","status":"publish","type":"post","link":"https:\/\/zonaroja.com.mx\/?p=66434","title":{"rendered":"Tras \u00a0puente, vuelven protestas y bloqueo a la capital; \u201cgobierno no soluciona\u201d, se\u00f1alan"},"content":{"rendered":"\n<p>Yuridiana Sosa\/Zona Roja.<\/p>\n\n\n\n<p>Oaxaca de Ju\u00e1rez, Oax., a 19 de marzo de 2024.- Luego del fin de semana largo, este martes inici\u00f3 la semana laboral en la capital del estado con las cotidianas protestas y bloqueas para exigir que el gobierno de Oaxaca d\u00e9 soluciones a demandas entregadas previamente.<\/p>\n\n\n\n<p>Como lo advirtieron, habitantes y autoridades comunales de San Pedro El Alto, Zimatl\u00e1n de \u00c1lvarez, arribaron a la ciudad de Oaxaca para \u201ctomar\u201d el Palacio de Gobierno, y a Ciudad Administrativa, en Tlalixtac de Cabrera, donde tambi\u00e9n se manifestaron, para exigir alto a las invasiones de sus tierras por parte de Santo Domingo Teojomulco.<\/p>\n\n\n\n<p>Se\u00f1alan que desde hace varias semanas atr\u00e1s han demandado la intervenci\u00f3n resolutiva del gobierno estatal y federal para defender sus tierras y tras las \u00faltimas invasiones, para garantizar la seguridad de sus pobladores.<\/p>\n\n\n\n<p>\u201cNosotros venimos \u00fanicamente a reclamar el respeto a nuestras tierras y a nuestros documentos. Ya estamos cansados, hemos tratado de tener di\u00e1logo del gobierno, con la otra comunidad y simplemente no se dan las condiciones\u201d, apuntaron.<\/p>\n\n\n\n<p>Incluso, los habitantes de San Pedro El Alto precisan que existe preferencia del gobierno estatal por sobre Santo Domingo, al no actuar para detener sus acciones de violencia.<\/p>\n\n\n\n<p>Sus vecinos, de forma violenta, portando armas de fuego, han desalojado a los habitantes de las comunidades R\u00edo Cacho, R\u00edo Tinta, R\u00edo Blanco, El Tlacuache, La Cofrad\u00eda, El Durazno y Yucapote.<\/p>\n\n\n\n<p>\u201cEl gobierno no soluciona\u2026 el gobierno nunca nos hace caso\u201d, expresaron, as\u00ed como exigieron al gobierno federal que intervenga e instale una base de operaciones Mixtas.<\/p>\n\n\n\n<p>Fue hasta la tarde en que fueron recibidos por la Secretar\u00eda de Gobierno, tras lo cual retiraron sus movilizaciones, pero sin dar a conocer los acuerdos.<\/p>\n\n\n\n<p>M\u00c1S DE TODO<\/p>\n\n\n\n<p>Por otra parte, militantes de Antorcha Campesina llegaron al Palacio de Gobierno para una supuesta mesa de trabajo con las respuestas a su pliego de demandas, pero las autoridades no cumplieron. Ante el hecho, la organizaci\u00f3n se inconform\u00f3.<\/p>\n\n\n\n<p>Por m\u00e1s de una hora estuvieron esperando al exterior del inmueble y, al estar estar cerrado el inmueble, las autoridades justificar que no hab\u00eda forma de atenderlos.&nbsp;<\/p>\n\n\n\n<p>En tanto, al norte de la ciudad capital, en la colonia Reforma, profesores de educaci\u00f3n inicial bloquearon los cruces de Fuerza A\u00e9rea Mexicana con Emilio Carranza y Emiliano Zapata, para exigir la instalaci\u00f3n inmediata de una mesa de trabajo.<\/p>\n\n\n\n<p>Ante la tard\u00eda respuesta a sus demandas, se inconformaron y causaron un caos en esa zona de la capital, donde \u201ctomaron\u201d autobuses del transporte urbano para cerrar el paso y hasta retuvieron un autob\u00fas oficial de la l\u00ednea \u201cCitybus\u201d.<\/p>\n\n\n\n<p>Mientras tanto en la Procuradur\u00eda Agraria, ubicada en la colonia Cieneguita de la capital oaxaque\u00f1a, se manifestaron comuneros del municipio de Santa Mar\u00eda Tonameca.<\/p>\n\n\n\n<p>Denunciaron la intromisi\u00f3n del funcionario federal Gonzalo Villalobos en la elecci\u00f3n interna de sus autoridades agrarias; la manifestaci\u00f3n no interrumpi\u00f3 la circulaci\u00f3n vehicular en la zona.<\/p>\n","protected":false},"excerpt":{"rendered":"<p>Yuridiana Sosa\/Zona Roja. Oaxaca de Ju\u00e1rez, Oax., a 19 de marzo de 2024.- Luego del&hellip;<\/p>\n","protected":false},"author":2,"featured_media":66435,"comment_status":"closed","ping_status":"open","sticky":false,"template":"","format":"standard","meta":{"_lmt_disableupdate":"","_lmt_disable":"","_jetpack_memberships_contains_paid_content":false,"footnotes":""},"categories":[109,47],"tags":[2264],"class_list":["post-66434","post","type-post","status-publish","format-standard","has-post-thumbnail","hentry","category-minuto-a-minuto","category-zona-gris","tag-bloqueos-y-protestas-oaxaca"],"jetpack_featured_media_url":"https:\/\/zonaroja.com.mx\/wp-content\/uploads\/2024\/03\/Protestas-Oaxaca-19-de-marzo.jpg","jetpack_sharing_enabled":true,"_links":{"self":[{"href":"https:\/\/zonaroja.com.mx\/index.php?rest_route=\/wp\/v2\/posts\/66434","targetHints":{"allow":["GET"]}}],"collection":[{"href":"https:\/\/zonaroja.com.mx\/index.php?rest_route=\/wp\/v2\/posts"}],"about":[{"href":"https:\/\/zonaroja.com.mx\/index.php?rest_route=\/wp\/v2\/types\/post"}],"author":[{"embeddable":true,"href":"https:\/\/zonaroja.com.mx\/index.php?rest_route=\/wp\/v2\/users\/2"}],"replies":[{"embeddable":true,"href":"https:\/\/zonaroja.com.mx\/index.php?rest_route=%2Fwp%2Fv2%2Fcomments&post=66434"}],"version-history":[{"count":1,"href":"https:\/\/zonaroja.com.mx\/index.php?rest_route=\/wp\/v2\/posts\/66434\/revisions"}],"predecessor-version":[{"id":66436,"href":"https:\/\/zonaroja.com.mx\/index.php?rest_route=\/wp\/v2\/posts\/66434\/revisions\/66436"}],"wp:featuredmedia":[{"embeddable":true,"href":"https:\/\/zonaroja.com.mx\/index.php?rest_route=\/wp\/v2\/media\/66435"}],"wp:attachment":[{"href":"https:\/\/zonaroja.com.mx\/index.php?rest_route=%2Fwp%2Fv2%2Fmedia&parent=66434"}],"wp:term":[{"taxonomy":"category","embeddable":true,"href":"https:\/\/zonaroja.com.mx\/index.php?rest_route=%2Fwp%2Fv2%2Fcategories&post=66434"},{"taxonomy":"post_tag","embeddable":true,"href":"https:\/\/zonaroja.com.mx\/index.php?rest_route=%2Fwp%2Fv2%2Ftags&post=66434"}],"curies":[{"name":"wp","href":"https:\/\/api.w.org\/{rel}","templated":true}]}}