{"id":6644,"date":"2019-12-13T20:04:38","date_gmt":"2019-12-14T02:04:38","guid":{"rendered":"http:\/\/www.zonaroja.com.mx\/?p=6644"},"modified":"2019-12-13T20:04:42","modified_gmt":"2019-12-14T02:04:42","slug":"van-14-integrantes-de-la-seccion-22-asesinados-en-el-2019-casos-impunes","status":"publish","type":"post","link":"https:\/\/zonaroja.com.mx\/?p=6644","title":{"rendered":"Van 14 integrantes de la Secci\u00f3n 22 asesinados en el 2019; casos, impunes"},"content":{"rendered":"\n<p>Redacci\u00f3n\/Zona Roja.<\/p>\n\n\n\n<p>Oaxaca de Ju\u00e1rez, Oax., 13 de diciembre\nde 2019.- El vocero de la Secci\u00f3n 22 del Sindicato Nacional de Trabajadores de\nla Educaci\u00f3n, Wilbert Santiago Valdivieso, inform\u00f3 que van 14 casos de\nintegrantes del magisterio asesinados en lo que va del 2019, sin que existan\navances en las investigaciones por parte de la Fiscal\u00eda General del Estado, a\ncargo de Rub\u00e9n Vasconcelos M\u00e9ndez.<\/p>\n\n\n\n<p>Detall\u00f3 que en estos momentos se est\u00e1\nhaciendo un registro por parte de la Comisi\u00f3n Magisterial de Derechos Humanos (Comadh)\nsobre los casos ante las deficiencias de las autoridades de procuraci\u00f3n de\njusticia en Oaxaca, a la par que dijo las familias cuentan con el respaldo\nsocial y jur\u00eddico del gremio<\/p>\n\n\n\n<p>\u201cLlevamos alrededor de 14 compa\u00f1eros\ncontabilizados, hay un registro que est\u00e1 haciendo la Comadh y va nuestro\nrespaldo pol\u00edtico y jur\u00eddico para que exista claridad en la situaci\u00f3n y\ntengamos justicia\u201d, dijo en entrevista.<\/p>\n\n\n\n<p>En este sentido, indic\u00f3 que la exigencia\nde justicia para el gremio est\u00e1 vigente, a la par que dijo es necesaria una\nactuaci\u00f3n responsable y profesional de la Fiscal\u00eda, ya que en el caso de uno de\nlos asesinatos cometidos en la Costa se detuvo a un presunto responsable y se\ndej\u00f3 libre, por lo que no quitaran el dedo del rengl\u00f3n para que el gobierno\natienda de forma urgente la violencia en contra del magisterio.<\/p>\n\n\n\n<p>Santiago Valdivieso recrimin\u00f3 que la\ndependencia a cargo de Rub\u00e9n Vasconcelos no ha presentado avances en las\ninvestigaciones realizadas, en ninguno de los casos, pese a al incremento de\ncasos de violencia, no s\u00f3lo hacia integrantes del magisterio sino de la\nciudadan\u00eda en general, particularmente en el Istmo, Costa y Cuenca donde se ha\nincrementad.<\/p>\n\n\n\n<p>\u201cNosotros hemos se\u00f1alado que la\nviolencia no debe llegar al magisterio oaxaque\u00f1o democr\u00e1tico de la Secci\u00f3n 22,\nhay situaciones pol\u00edticas y de inseguridad que llevan a estos casos que se\ndeben evitar por parte de las instancias correspondientes\u201d, dijo.<\/p>\n\n\n\n<p>Finalmente exigi\u00f3 justicia para el\ngremio magisterial a la par que detall\u00f3 es fundamental que se replanteen los\nprogramas de seguridad del Gobierno, ya que a todas luces se puede ver que el\nencargado de garantizar la integridad f\u00edsica de la poblaci\u00f3n est\u00e1 siendo\nrebasado.<\/p>\n\n\n\n<p>El caso m\u00e1s reciente de un integrante\ndel magisterio asesinado se registr\u00f3 el pasado martes 10 de diciembre cuando el\nprofesor Gabriel Altamirano Saynes fue atacado a balazos en Juchit\u00e1n de Zaragoza,\nlos hechos se registraron alrededor de las 05:00 horas cuando sal\u00eda de su\ndomicilio para dirigirse a su centro de trabajo; un sujeto le dispar\u00f3\ndirectamente a la cabeza.<\/p>\n\n\n\n<p>El profesor pertenec\u00eda al Sector\nJuchit\u00e1n de la Regi\u00f3n del Istmo de Tehuantepec y se desempe\u00f1aba como maestro\ndel nivel de Educaci\u00f3n F\u00edsica en la escuela primaria \u00abBenito Ju\u00e1rez\u00bb de San\nDionisio del Mar, perteneciente a la Supervisi\u00f3n Escolar 43 con sede en Uni\u00f3n\nHidalgo.<\/p>\n\n\n\n<p>Ayer, docentes del Istmo efectuaron una\nmarcha para exigir justicia por este crimen.<\/p>\n","protected":false},"excerpt":{"rendered":"<p>Redacci\u00f3n\/Zona Roja. Oaxaca de Ju\u00e1rez, Oax., 13 de diciembre de 2019.- El vocero de la&hellip;<\/p>\n","protected":false},"author":2,"featured_media":6645,"comment_status":"closed","ping_status":"open","sticky":false,"template":"","format":"standard","meta":{"_lmt_disableupdate":"","_lmt_disable":"","_jetpack_memberships_contains_paid_content":false,"footnotes":""},"categories":[109,51],"tags":[494,312,1134],"class_list":["post-6644","post","type-post","status-publish","format-standard","has-post-thumbnail","hentry","category-minuto-a-minuto","category-zona-roja","tag-fiscalia-general-del-estado-de-oaxaca","tag-seccion-22-del-snte","tag-wilbert-santiago-valdivieso"],"jetpack_featured_media_url":"https:\/\/zonaroja.com.mx\/wp-content\/uploads\/2019\/12\/Wilbert-Santiago.jpg","jetpack_sharing_enabled":true,"_links":{"self":[{"href":"https:\/\/zonaroja.com.mx\/index.php?rest_route=\/wp\/v2\/posts\/6644","targetHints":{"allow":["GET"]}}],"collection":[{"href":"https:\/\/zonaroja.com.mx\/index.php?rest_route=\/wp\/v2\/posts"}],"about":[{"href":"https:\/\/zonaroja.com.mx\/index.php?rest_route=\/wp\/v2\/types\/post"}],"author":[{"embeddable":true,"href":"https:\/\/zonaroja.com.mx\/index.php?rest_route=\/wp\/v2\/users\/2"}],"replies":[{"embeddable":true,"href":"https:\/\/zonaroja.com.mx\/index.php?rest_route=%2Fwp%2Fv2%2Fcomments&post=6644"}],"version-history":[{"count":1,"href":"https:\/\/zonaroja.com.mx\/index.php?rest_route=\/wp\/v2\/posts\/6644\/revisions"}],"predecessor-version":[{"id":6646,"href":"https:\/\/zonaroja.com.mx\/index.php?rest_route=\/wp\/v2\/posts\/6644\/revisions\/6646"}],"wp:featuredmedia":[{"embeddable":true,"href":"https:\/\/zonaroja.com.mx\/index.php?rest_route=\/wp\/v2\/media\/6645"}],"wp:attachment":[{"href":"https:\/\/zonaroja.com.mx\/index.php?rest_route=%2Fwp%2Fv2%2Fmedia&parent=6644"}],"wp:term":[{"taxonomy":"category","embeddable":true,"href":"https:\/\/zonaroja.com.mx\/index.php?rest_route=%2Fwp%2Fv2%2Fcategories&post=6644"},{"taxonomy":"post_tag","embeddable":true,"href":"https:\/\/zonaroja.com.mx\/index.php?rest_route=%2Fwp%2Fv2%2Ftags&post=6644"}],"curies":[{"name":"wp","href":"https:\/\/api.w.org\/{rel}","templated":true}]}}