{"id":66441,"date":"2024-03-20T07:01:52","date_gmt":"2024-03-20T13:01:52","guid":{"rendered":"http:\/\/www.zonaroja.com.mx\/?p=66441"},"modified":"2024-03-20T07:01:53","modified_gmt":"2024-03-20T13:01:53","slug":"recorre-nino-morales-la-region-mixteca-llama-a-juventud-a-sumarse-a-transformacion","status":"publish","type":"post","link":"https:\/\/zonaroja.com.mx\/?p=66441","title":{"rendered":"Recorre Nino Morales la regi\u00f3n Mixteca; llama a juventud a sumarse a transformaci\u00f3n"},"content":{"rendered":"\n<p>Raymundo Morales\/Zona Roja.<\/p>\n\n\n\n<p>Oaxaca de Ju\u00e1rez, Oax., a 20 de marzo de 2024.- En el inicio de la tercera semana de campa\u00f1a, el candidato al Senado de la Rep\u00fablica por el Partido Morena, Antonino Morales Toledo, recorri\u00f3 la regi\u00f3n Mixteca.<\/p>\n\n\n\n<p>El oaxaque\u00f1o, de origen zapoteca y nacido en Villa de San Blas Atempa, estuvo en San Sebasti\u00e1n Nicananduta y San Antonino Monteverde, tras recorrer comunidades de la regi\u00f3n Valles Centrales y de la Sierra de Ju\u00e1rez\u201d.<\/p>\n\n\n\n<p>\u201cDurante d\u00e9cadas, la Mixteca ha resistido la desatenci\u00f3n de los malos gobiernos, pero hoy sabe que tiene un Presidente (Andr\u00e9s Manuel L\u00f3pez Obrador) que cumple sus promesas\u201d, dijo a los pobladores, al enfatizar la importancia de la participaci\u00f3n activa de las y los j\u00f3venes en la pol\u00edtica.&nbsp;<\/p>\n\n\n\n<p>Morales Toledo destac\u00f3 que es fundamental brindar oportunidades de trabajo para los j\u00f3venes en el estado, evitando as\u00ed la migraci\u00f3n y fortaleciendo el arraigo familiar. Subray\u00f3 el compromiso de crear las condiciones necesarias para generar empleo y beneficios para las y los habitantes.<\/p>\n\n\n\n<p>El candidato al Senado extendi\u00f3 una invitaci\u00f3n a la juventud para que se involucren en la vida pol\u00edtica del pa\u00eds, se\u00f1alando que las nuevas generaciones son el motor de cambio y la clave para transformar la realidad social.&nbsp;<\/p>\n\n\n\n<p>\u00abLas juventudes son el motor de la revoluci\u00f3n de las conciencias\u00bb, afirm\u00f3 Morales Toledo, enfatizando su compromiso de construir el segundo piso de la transformaci\u00f3n junto con ellos. Concluy\u00f3 reiterando la determinaci\u00f3n de no permitir que la derecha vuelva a estigmatizar a quienes representan el presente y el futuro de M\u00e9xico.<\/p>\n","protected":false},"excerpt":{"rendered":"<p>Raymundo Morales\/Zona Roja. Oaxaca de Ju\u00e1rez, Oax., a 20 de marzo de 2024.- En el&hellip;<\/p>\n","protected":false},"author":2,"featured_media":66446,"comment_status":"closed","ping_status":"open","sticky":false,"template":"","format":"standard","meta":{"_lmt_disableupdate":"","_lmt_disable":"","_jetpack_memberships_contains_paid_content":false,"footnotes":""},"categories":[109,46],"tags":[180],"class_list":["post-66441","post","type-post","status-publish","format-standard","has-post-thumbnail","hentry","category-minuto-a-minuto","category-zona-blanca","tag-antonino-morales-toledo"],"jetpack_featured_media_url":"https:\/\/zonaroja.com.mx\/wp-content\/uploads\/2024\/03\/Antonino-Morales-en-la-Mixteca.jpg","jetpack_sharing_enabled":true,"_links":{"self":[{"href":"https:\/\/zonaroja.com.mx\/index.php?rest_route=\/wp\/v2\/posts\/66441","targetHints":{"allow":["GET"]}}],"collection":[{"href":"https:\/\/zonaroja.com.mx\/index.php?rest_route=\/wp\/v2\/posts"}],"about":[{"href":"https:\/\/zonaroja.com.mx\/index.php?rest_route=\/wp\/v2\/types\/post"}],"author":[{"embeddable":true,"href":"https:\/\/zonaroja.com.mx\/index.php?rest_route=\/wp\/v2\/users\/2"}],"replies":[{"embeddable":true,"href":"https:\/\/zonaroja.com.mx\/index.php?rest_route=%2Fwp%2Fv2%2Fcomments&post=66441"}],"version-history":[{"count":1,"href":"https:\/\/zonaroja.com.mx\/index.php?rest_route=\/wp\/v2\/posts\/66441\/revisions"}],"predecessor-version":[{"id":66447,"href":"https:\/\/zonaroja.com.mx\/index.php?rest_route=\/wp\/v2\/posts\/66441\/revisions\/66447"}],"wp:featuredmedia":[{"embeddable":true,"href":"https:\/\/zonaroja.com.mx\/index.php?rest_route=\/wp\/v2\/media\/66446"}],"wp:attachment":[{"href":"https:\/\/zonaroja.com.mx\/index.php?rest_route=%2Fwp%2Fv2%2Fmedia&parent=66441"}],"wp:term":[{"taxonomy":"category","embeddable":true,"href":"https:\/\/zonaroja.com.mx\/index.php?rest_route=%2Fwp%2Fv2%2Fcategories&post=66441"},{"taxonomy":"post_tag","embeddable":true,"href":"https:\/\/zonaroja.com.mx\/index.php?rest_route=%2Fwp%2Fv2%2Ftags&post=66441"}],"curies":[{"name":"wp","href":"https:\/\/api.w.org\/{rel}","templated":true}]}}