{"id":66451,"date":"2024-03-20T10:30:00","date_gmt":"2024-03-20T16:30:00","guid":{"rendered":"http:\/\/www.zonaroja.com.mx\/?p=66451"},"modified":"2024-03-20T07:30:34","modified_gmt":"2024-03-20T13:30:34","slug":"asesinan-a-regidor-de-morena-en-guerrero-matan-a-guardia-nacional-en-chiapas","status":"publish","type":"post","link":"https:\/\/zonaroja.com.mx\/?p=66451","title":{"rendered":"Asesinan a regidor de Morena en Guerrero; matan a Guardia Nacional en Chiapas"},"content":{"rendered":"\n<p>Redacci\u00f3n\/Zona Roja Cdmx.<\/p>\n\n\n\n<p>Ciudad de M\u00e9xico, a 20 de marzo de 2024.- La tarde de ayer fue ejecutado a balazos el regidor de Morena en el ayuntamiento de Chilapa de Alvarez, en la Monta\u00f1a Baja de Guerreo, Antonio Crespo Bola\u00f1os.<\/p>\n\n\n\n<p>El regidor, formaba parte del equipo de quien fuera aspirante Tomas Morales Patr\u00f3n, que tambi\u00e9n fue asesinado en la ciudad de Chilapa, el pasado 12 de marzo, de acuerdo con informaci\u00f3n de \u201cLa Jornada\u201d.<\/p>\n\n\n\n<p>Militantes de Morena en el municipio, manifestaron que el edil fue asesinado a balazos alrededor de las 13:30 horas, en las inmediaciones de la discoteca Acauario, sobre la avenida Municipio Libre.<\/p>\n\n\n\n<p>Crespo Bola\u00f1os tambi\u00e9n era un l\u00edder natural nahua, y fung\u00eda como regidor de Morena en el cabildo de Chilapa.<\/p>\n\n\n\n<p>EN CHIAPAS<\/p>\n\n\n\n<p>Por otra parte, un elemento de la Guardia Nacional muri\u00f3 y dos m\u00e1s resultaron heridos tras un ataque armado por presuntos integrantes de la delincuencia organizada en Chiapas, informaron fuentes de seguridad.<\/p>\n\n\n\n<p>Seg\u00fan una publicaci\u00f3n de \u201cLa Jornada\u201d, la agresi\u00f3n a balazos en contra de los agentes federales ocurri\u00f3 la madrugada de este martes en el municipio de Ocozocoautla, muy cerca de la capital Tuxtla Guti\u00e9rrez.<\/p>\n\n\n\n<p>Lo anterior deriv\u00f3 en un operativo interinstitucional en el que participaron el Ej\u00e9rcito Mexicano, la Guardia Nacional, la Fiscal\u00eda General de la Rep\u00fablica y la Secretar\u00eda de Seguridad Estatal de Chiapas.<\/p>\n\n\n\n<p>Durante el despliegue de las fuerzas de seguridad, las autoridades detuvieron a una persona y aseguraron veh\u00edculos y armas, dijo una fuente federal, aunque no dio detalles de las cantidades.<\/p>\n\n\n\n<p>Apenas el s\u00e1bado tambi\u00e9n en Ocozo fue atacado por hombres armados un dormitorio de agentes de la Fiscal\u00eda General del Estado que dej\u00f3 dos muertos y un herido.<\/p>\n\n\n\n<p>EN LA CDMX<\/p>\n\n\n\n<p>Mientras que en la Ciudad de M\u00e9xico, dos personas muertas y una herida provoc\u00f3 ayer un ataque a balazos en contra de unos sujetos en la colonia Miguel Hidalgo en Tlalpan.<\/p>\n\n\n\n<p>Las v\u00edctimas se encontraban al interior del autom\u00f3vil con placas T12 AFG de la Ciudad de M\u00e9xico estacionado en la calle de San Juan del R\u00edo esquina Corregidora donde sujetos armados sin mediar palabra los emboscaron y dispararon en repetidas ocasiones para despu\u00e9s huir.<\/p>\n\n\n\n<p>Param\u00e9dicos atendieron a tres hombres que fueron llevados de emergencia al Hospital de Neurolog\u00eda, dos murieron en el nosocomio, refiere el sitio informativo de \u201cMilenio\u201d.<\/p>\n\n\n\n<p>En tan que una intensa movilizaci\u00f3n policiaca provoc\u00f3 una aparente ri\u00f1a en la alcald\u00eda Coyoac\u00e1n dejando como saldo un hombre muerto, una mujer y un adolescente heridos, todos apu\u00f1alados.<\/p>\n\n\n\n<p>El incidente ocurri\u00f3 en el parque Cerro San Antonio ubicado entre las calles Cerro del Pe\u00f1\u00f3n y Cerro de Huitzilac de la colonia Campestre Churubusco donde testigos refieren que la v\u00edctima mortal de unos 30 a\u00f1os comenz\u00f3 a pedir auxilio, al llegar su hermano y su madre encontraron a un sujeto que lo apu\u00f1alaba , quien tambi\u00e9n los atac\u00f3 para despu\u00e9s huir.<\/p>\n\n\n\n<p>Param\u00e9dicos arribaron al sitio para confirmar la muerte del masculino, mientras que la mujer y el adolescente fueron llevados de emergencia al Hospital de Xoco en la alcald\u00eda Benito Ju\u00e1rez donde son atendidos por heridas hechas con objeto punzocortante.<\/p>\n\n\n\n<p>EN EDOMEX<\/p>\n\n\n\n<p>Por otra parte, de acuerdo tambi\u00e9n con \u201cMilenio\u201d, tras la detenci\u00f3n de Enrique \u00abN\u00bb, alias \u00abEl Canuto\u00bb del seguimiento de esta detenci\u00f3n, llegaron a un inmueble de la comunidad de Santiago Casandej\u00e9, en el municipio de&nbsp;Jocotitl\u00e1n, Estado de M\u00e9xico, donde hallaron una fosa clandestina.<\/p>\n\n\n\n<p>En el inmueble fueron detenidas 13 personas, entre ellos Enrique \u00abN\u00bb, alias &#8216;El Canuto&#8217;, objetivo prioritario de las autoridades, debido a que es considerado como generador de alta violencia en dicha regi\u00f3n mexiquense.<\/p>\n\n\n\n<p>Las diligencias se llevan a cabo en un domicilio de dos niveles ubicado sobre la carretera Panamericana, a la altura del paraje Construrama, en donde se encontraron indicios de restos humanos enterrados de al menos tres v\u00edctimas, detalla la publicaci\u00f3n de \u201cMilenio\u201d.<\/p>\n","protected":false},"excerpt":{"rendered":"<p>Redacci\u00f3n\/Zona Roja Cdmx. Ciudad de M\u00e9xico, a 20 de marzo de 2024.- La tarde de&hellip;<\/p>\n","protected":false},"author":2,"featured_media":56643,"comment_status":"closed","ping_status":"open","sticky":false,"template":"","format":"standard","meta":{"_lmt_disableupdate":"","_lmt_disable":"","_jetpack_memberships_contains_paid_content":false,"footnotes":""},"categories":[109,47],"tags":[1746],"class_list":["post-66451","post","type-post","status-publish","format-standard","has-post-thumbnail","hentry","category-minuto-a-minuto","category-zona-gris","tag-violencia-en-mexico"],"jetpack_featured_media_url":"https:\/\/zonaroja.com.mx\/wp-content\/uploads\/2023\/06\/Patrullla-inseguridad-escena-violencia-.jpeg","jetpack_sharing_enabled":true,"_links":{"self":[{"href":"https:\/\/zonaroja.com.mx\/index.php?rest_route=\/wp\/v2\/posts\/66451","targetHints":{"allow":["GET"]}}],"collection":[{"href":"https:\/\/zonaroja.com.mx\/index.php?rest_route=\/wp\/v2\/posts"}],"about":[{"href":"https:\/\/zonaroja.com.mx\/index.php?rest_route=\/wp\/v2\/types\/post"}],"author":[{"embeddable":true,"href":"https:\/\/zonaroja.com.mx\/index.php?rest_route=\/wp\/v2\/users\/2"}],"replies":[{"embeddable":true,"href":"https:\/\/zonaroja.com.mx\/index.php?rest_route=%2Fwp%2Fv2%2Fcomments&post=66451"}],"version-history":[{"count":1,"href":"https:\/\/zonaroja.com.mx\/index.php?rest_route=\/wp\/v2\/posts\/66451\/revisions"}],"predecessor-version":[{"id":66452,"href":"https:\/\/zonaroja.com.mx\/index.php?rest_route=\/wp\/v2\/posts\/66451\/revisions\/66452"}],"wp:featuredmedia":[{"embeddable":true,"href":"https:\/\/zonaroja.com.mx\/index.php?rest_route=\/wp\/v2\/media\/56643"}],"wp:attachment":[{"href":"https:\/\/zonaroja.com.mx\/index.php?rest_route=%2Fwp%2Fv2%2Fmedia&parent=66451"}],"wp:term":[{"taxonomy":"category","embeddable":true,"href":"https:\/\/zonaroja.com.mx\/index.php?rest_route=%2Fwp%2Fv2%2Fcategories&post=66451"},{"taxonomy":"post_tag","embeddable":true,"href":"https:\/\/zonaroja.com.mx\/index.php?rest_route=%2Fwp%2Fv2%2Ftags&post=66451"}],"curies":[{"name":"wp","href":"https:\/\/api.w.org\/{rel}","templated":true}]}}