{"id":66453,"date":"2024-03-20T11:30:00","date_gmt":"2024-03-20T17:30:00","guid":{"rendered":"http:\/\/www.zonaroja.com.mx\/?p=66453"},"modified":"2024-03-20T07:49:28","modified_gmt":"2024-03-20T13:49:28","slug":"presentan-en-oaxaca-libro-sobre-justicia-penal-electoral-y-organizacion-de-elecciones","status":"publish","type":"post","link":"https:\/\/zonaroja.com.mx\/?p=66453","title":{"rendered":"Presentan en Oaxaca libro sobre justicia penal electoral y organizaci\u00f3n de elecciones"},"content":{"rendered":"\n<p>Redacci\u00f3n\/Zona Roja.<\/p>\n\n\n\n<p>Oaxaca de Ju\u00e1rez, Oax., a 20 de marzo de 2024.-\u201cLas instituciones democr\u00e1ticas tienen fortalezas, tambi\u00e9n dificultades, pero siempre debemos trabajar y mantenernos optimistas en que vamos a conseguir resultados, tenemos que salir adelante porque la ciudadan\u00eda espera, conf\u00eda y cree en las instituciones\u201d, apunt\u00f3 Gerardo Garc\u00eda Marroqu\u00edn, al presentar su libro \u201cReflexiones de procuraci\u00f3n de justicia penal electoral, jurisdiccionales y organizaci\u00f3n de elecciones\u201d.<\/p>\n\n\n\n<p>El ex consejero electoral del Instituto Estatal Electoral y de Participaci\u00f3n Ciudadana de Oaxaca (IEEPCO) y ahora Fiscal Especial en Delitos Electorales de la Fiscal\u00eda General de la Rep\u00fablica (FGR) recopil\u00f3 en esta publicaci\u00f3n una serie de reflexiones propias en la materia a partir de su trayectoria por el Instituto Federal Electoral (ahora INE), el IEEPCO, la Sala Superior del Tribunal Electoral del Poder Judicial de la Federaci\u00f3n y la FGR.<\/p>\n\n\n\n<p>\u201cJustamente hablo de instituciones porque eso es lo que pretendo reflejar en el libro; el resultado de un ejercicio colectivo de trabajo a lo largo del tiempo en la materia electoral\u201d, dijo Garc\u00eda Marroqu\u00edn.<\/p>\n\n\n\n<p>Durante la presentaci\u00f3n, realizada en la sala de sesiones del IEEPCO, comentaron la magistrada presidenta del Tribunal Electoral del Estado de Oaxaca, Elizabeth Bautista Velasco; la consejera electoral, Nayma Enr\u00edquez Estrada; Filiberto Ch\u00e1vez M\u00e9ndez, director Ejecutivo de Sistemas Normativos Ind\u00edgenas, y moder\u00f3 el Consejero Alejandro Carrasco Sampedro.<\/p>\n\n\n\n<p>En su intervenci\u00f3n, Bautista Velasco refiri\u00f3 que el libro se divide en tres partes: la primera sobre procuraci\u00f3n de justicia; la segunda acerca de organizaci\u00f3n de elecciones y la tercera sobre temas jurisdiccionales.<\/p>\n\n\n\n<p>&nbsp;\u201cComo resultado de estas reflexiones, coincido en que se necesitan reformas electorales, es evidente que las necesitamos en el \u00e1mbito local y en el \u00e1mbito federal, no podemos cerrarnos a estas reformas tenemos que ir avanzando, la vida y la democracia es muy din\u00e1mica y estamos viendo y experimentando modelos en los cuales se van construyendo estas instituciones que deben de generar certeza, eficacia y eficiencia en la renovaci\u00f3n de las autoridades que se eligen bajo el voto popular\u201d, se\u00f1al\u00f3 Bautista Velasco.<\/p>\n\n\n\n<p>En su momento, la Consejera Nayma Enr\u00edquez, destac\u00f3 que la gran virtud de la obra es que acerca estos temas de una manera clara y sintetizada a la ciudadan\u00eda.&nbsp;<\/p>\n\n\n\n<p>\u201cGarc\u00eda Marroqu\u00edn construy\u00f3 10 ensayos a lo largo de su vida profesional, analizando c\u00f3mo han sido las instituciones, que situaci\u00f3n atraviesan, lo que puede suceder, as\u00ed como expone lo que considera es la mejor ruta posible\u201d, subray\u00f3.<\/p>\n\n\n\n<p>En este sentido, Enr\u00edquez Estrada invit\u00f3 a la poblaci\u00f3n a consumir los contenidos de esta publicaci\u00f3n, porque adem\u00e1s de hacer un rencuentro y hacer un an\u00e1lisis sobre el estado de las cosas en tres terrenos distintos de la materia electoral, se mencionan casos emblem\u00e1ticos desde la mirada del autor.<\/p>\n\n\n\n<p>Por su parte, Filiberto Ch\u00e1vez destac\u00f3 que el libro de Garc\u00eda Marroqu\u00edn, abarca un conjunto de textos que \u00e9l autor escribi\u00f3 hace alg\u00fan tiempo \u201cuno comienza a leer el libro y es dif\u00edcil detenerse porque tiene muchos aspectos que parecen -de buenas a primeras- un listado de temas diversos, pero en realidad son temas muy importantes que se vinculan alrededor de los tres contenidos principales de la obra\u201d, finaliz\u00f3.<\/p>\n\n\n\n<p>La Comisi\u00f3n Permanente de Prerrogativas, Partidos Pol\u00edticos y Candidaturas Independientes del Instituto Estatal Electoral y de Participaci\u00f3n Ciudadana de Oaxaca (IEEPCO) organiz\u00f3 este evento en el marco de las Elecciones 2024 en Oaxaca. Puedes descargar un fragmento de la obra en: <a href=\"https:\/\/qrco.de\/bes2ty\">https:\/\/qrco.de\/bes2ty<\/a><\/p>\n\n\n\n<p>(Comunicado)<\/p>\n","protected":false},"excerpt":{"rendered":"<p>Redacci\u00f3n\/Zona Roja. Oaxaca de Ju\u00e1rez, Oax., a 20 de marzo de 2024.-\u201cLas instituciones democr\u00e1ticas tienen&hellip;<\/p>\n","protected":false},"author":2,"featured_media":66454,"comment_status":"closed","ping_status":"open","sticky":false,"template":"","format":"standard","meta":{"_lmt_disableupdate":"","_lmt_disable":"","_jetpack_memberships_contains_paid_content":false,"footnotes":""},"categories":[109,46],"tags":[2932],"class_list":["post-66453","post","type-post","status-publish","format-standard","has-post-thumbnail","hentry","category-minuto-a-minuto","category-zona-blanca","tag-instituto-estatal-electoral-y-de-participacion-ciudadana-de-oaxaca-ieepco"],"jetpack_featured_media_url":"https:\/\/zonaroja.com.mx\/wp-content\/uploads\/2024\/03\/IEEPCO-presentacion-libro-Marroquin.jpeg","jetpack_sharing_enabled":true,"_links":{"self":[{"href":"https:\/\/zonaroja.com.mx\/index.php?rest_route=\/wp\/v2\/posts\/66453","targetHints":{"allow":["GET"]}}],"collection":[{"href":"https:\/\/zonaroja.com.mx\/index.php?rest_route=\/wp\/v2\/posts"}],"about":[{"href":"https:\/\/zonaroja.com.mx\/index.php?rest_route=\/wp\/v2\/types\/post"}],"author":[{"embeddable":true,"href":"https:\/\/zonaroja.com.mx\/index.php?rest_route=\/wp\/v2\/users\/2"}],"replies":[{"embeddable":true,"href":"https:\/\/zonaroja.com.mx\/index.php?rest_route=%2Fwp%2Fv2%2Fcomments&post=66453"}],"version-history":[{"count":1,"href":"https:\/\/zonaroja.com.mx\/index.php?rest_route=\/wp\/v2\/posts\/66453\/revisions"}],"predecessor-version":[{"id":66455,"href":"https:\/\/zonaroja.com.mx\/index.php?rest_route=\/wp\/v2\/posts\/66453\/revisions\/66455"}],"wp:featuredmedia":[{"embeddable":true,"href":"https:\/\/zonaroja.com.mx\/index.php?rest_route=\/wp\/v2\/media\/66454"}],"wp:attachment":[{"href":"https:\/\/zonaroja.com.mx\/index.php?rest_route=%2Fwp%2Fv2%2Fmedia&parent=66453"}],"wp:term":[{"taxonomy":"category","embeddable":true,"href":"https:\/\/zonaroja.com.mx\/index.php?rest_route=%2Fwp%2Fv2%2Fcategories&post=66453"},{"taxonomy":"post_tag","embeddable":true,"href":"https:\/\/zonaroja.com.mx\/index.php?rest_route=%2Fwp%2Fv2%2Ftags&post=66453"}],"curies":[{"name":"wp","href":"https:\/\/api.w.org\/{rel}","templated":true}]}}