{"id":66456,"date":"2024-03-20T12:30:00","date_gmt":"2024-03-20T18:30:00","guid":{"rendered":"http:\/\/www.zonaroja.com.mx\/?p=66456"},"modified":"2024-03-20T07:52:22","modified_gmt":"2024-03-20T13:52:22","slug":"el-46-de-los-oaxaquenos-desaprueba-gobierno-de-jara-cruz-mitofsky","status":"publish","type":"post","link":"https:\/\/zonaroja.com.mx\/?p=66456","title":{"rendered":"El 46% de los oaxaque\u00f1os desaprueba gobierno de Jara Cruz: Mitofsky"},"content":{"rendered":"\n<p>Yuridiana Sosa\/Zona Roja.<\/p>\n\n\n\n<p>Oaxaca de Ju\u00e1rez, Oax., 20 de marzo de 2024.- El gobernador de Oaxaca, Salom\u00f3n Jara Cruz, registr\u00f3 un ligero incremento en su nivel de aprobaci\u00f3n ciudadana durante su 15 mes de mandato, en comparaci\u00f3n al lapso anterior, revel\u00f3 la encuesta \u201cGobernadores y Gobernadoras de M\u00e9xico, febrero 2024\u201d, de Ranking Mitofsky.<\/p>\n\n\n\n<p>En el segundo mes del 2024,&nbsp; Jara Cruz alcanz\u00f3 un promedio del 53 por ciento de la ciudadan\u00eda que est\u00e1 de acuerdo con su gobierno, el 46 en desacuerdo y el uno por ciento no sabe.<\/p>\n\n\n\n<p>El resultado actual provoc\u00f3 que el mandatario morenista subiera un pelda\u00f1o en el ranking nacional, al abandonar la posici\u00f3n 21 y pasar al lugar 19, sitio que comparte con el gobernador de Nuevo Le\u00f3n, Samuel Garc\u00eda, de Movimiento Ciudadano, quien baj\u00f3 en su aprobaci\u00f3n en comparaci\u00f3n a enero.<\/p>\n\n\n\n<p>En el primer mes de este a\u00f1o Jara Cruz calific\u00f3 con el 52.3 por ciento de la aprobaci\u00f3n ciudadana, lo que caus\u00f3 ocupar el nivel m\u00e1s bajo en el ranking personal del mandatario desde enero de 2023.<\/p>\n\n\n\n<p>A su vez, el gobernante oaxaque\u00f1o conserv\u00f3 la tercera posici\u00f3n entre los mandatarios de la regi\u00f3n&nbsp; \u201cSur y Pen\u00ednsula\u00bb, de acuerdo al desglose por regiones del ranking de gobernadores.<\/p>\n\n\n\n<p>El primer lugar lo ocup\u00f3, una vez m\u00e1s, &nbsp;Mauricio Vila de Yucat\u00e1n, con el 63.1 &nbsp;por ciento y el segundo, Mara Lezama de Quintana Roo, con el 58.1 por ciento de aprobaci\u00f3n; ambos tambi\u00e9n subieron en sus niveles de aceptaci\u00f3n a su gobierno.<\/p>\n","protected":false},"excerpt":{"rendered":"<p>Yuridiana Sosa\/Zona Roja. Oaxaca de Ju\u00e1rez, Oax., 20 de marzo de 2024.- El gobernador de&hellip;<\/p>\n","protected":false},"author":2,"featured_media":64074,"comment_status":"closed","ping_status":"open","sticky":false,"template":"","format":"standard","meta":{"_lmt_disableupdate":"","_lmt_disable":"","_jetpack_memberships_contains_paid_content":false,"footnotes":""},"categories":[109,47],"tags":[939],"class_list":["post-66456","post","type-post","status-publish","format-standard","has-post-thumbnail","hentry","category-minuto-a-minuto","category-zona-gris","tag-salomon-jara-cruz"],"jetpack_featured_media_url":"https:\/\/zonaroja.com.mx\/wp-content\/uploads\/2024\/01\/Salomon-Jara.jpeg","jetpack_sharing_enabled":true,"_links":{"self":[{"href":"https:\/\/zonaroja.com.mx\/index.php?rest_route=\/wp\/v2\/posts\/66456","targetHints":{"allow":["GET"]}}],"collection":[{"href":"https:\/\/zonaroja.com.mx\/index.php?rest_route=\/wp\/v2\/posts"}],"about":[{"href":"https:\/\/zonaroja.com.mx\/index.php?rest_route=\/wp\/v2\/types\/post"}],"author":[{"embeddable":true,"href":"https:\/\/zonaroja.com.mx\/index.php?rest_route=\/wp\/v2\/users\/2"}],"replies":[{"embeddable":true,"href":"https:\/\/zonaroja.com.mx\/index.php?rest_route=%2Fwp%2Fv2%2Fcomments&post=66456"}],"version-history":[{"count":1,"href":"https:\/\/zonaroja.com.mx\/index.php?rest_route=\/wp\/v2\/posts\/66456\/revisions"}],"predecessor-version":[{"id":66457,"href":"https:\/\/zonaroja.com.mx\/index.php?rest_route=\/wp\/v2\/posts\/66456\/revisions\/66457"}],"wp:featuredmedia":[{"embeddable":true,"href":"https:\/\/zonaroja.com.mx\/index.php?rest_route=\/wp\/v2\/media\/64074"}],"wp:attachment":[{"href":"https:\/\/zonaroja.com.mx\/index.php?rest_route=%2Fwp%2Fv2%2Fmedia&parent=66456"}],"wp:term":[{"taxonomy":"category","embeddable":true,"href":"https:\/\/zonaroja.com.mx\/index.php?rest_route=%2Fwp%2Fv2%2Fcategories&post=66456"},{"taxonomy":"post_tag","embeddable":true,"href":"https:\/\/zonaroja.com.mx\/index.php?rest_route=%2Fwp%2Fv2%2Ftags&post=66456"}],"curies":[{"name":"wp","href":"https:\/\/api.w.org\/{rel}","templated":true}]}}