{"id":66458,"date":"2024-03-20T13:30:00","date_gmt":"2024-03-20T19:30:00","guid":{"rendered":"http:\/\/www.zonaroja.com.mx\/?p=66458"},"modified":"2024-03-20T07:53:24","modified_gmt":"2024-03-20T13:53:24","slug":"opinion-que-representa-la-seccion-22-en-el-panorama-electoral-de-2024","status":"publish","type":"post","link":"https:\/\/zonaroja.com.mx\/?p=66458","title":{"rendered":"Opini\u00f3n. \u00bfQu\u00e9 representa la Secci\u00f3n 22 en el panorama electoral de 2024?\u00a0"},"content":{"rendered":"\n<p>Adri\u00e1n Ortiz Romero Cuevas*&nbsp;<\/p>\n\n\n\n<p>Est\u00e1 equivocado quien crea que la Secci\u00f3n 22 del SNTE no participa de los procesos pol\u00edtico-electorales que ocurren ahora mismo en Oaxaca, y en el pa\u00eds. Ser\u00eda reduccionista creer que al magisterio oaxaque\u00f1o s\u00f3lo le incumbe lo que ocurre en las aulas, o que su rango de actuaci\u00f3n est\u00e1 circunscrito a sus problemas y necesidades gremiales.&nbsp;<\/p>\n\n\n\n<p>En realidad, el magisterio tiene el doble papel de sindicato y de grupo de presi\u00f3n. Es, de hecho, el buque insignia de la lucha social en la entidad. Ante ese panorama, \u00bfc\u00f3mo no creer que tambi\u00e9n tiene intereses y posiciones&nbsp;que&nbsp;cultivar y&nbsp;defender,&nbsp;en el gigantesco proceso electoral que ahora mismo se desarrolla en el territorio nacional?&nbsp;<\/p>\n\n\n\n<p>En efecto, la Secci\u00f3n 22 del SNTE ha vivido un largo proceso de relativa paz, cuya autor\u00eda se han querido agenciar diversos actores y grupos pol\u00edticos. Aqu\u00ed en Oaxaca, por ejemplo, la aparente relaci\u00f3n civilizada y ordenada del Gobierno del Estado con el magisterio, fue parte de lo que el entonces gobernador Alejandro Murat quiso ofrecerle al pa\u00eds bajo el fantasioso esquema del \u201cModelo Oaxaca\u201d de gobernabilidad, con el que se quiso presentar como aspirante presidencial.&nbsp;<\/p>\n\n\n\n<p>En ese mismo tenor, quien fuera el director del Instituto Educativo en esa administraci\u00f3n, Francisco \u00c1ngel Villarreal, tambi\u00e9n dej\u00f3 ver que merec\u00eda ser candidato&nbsp;del PRI&nbsp;a Gobernador,&nbsp;a partir de su \u00e9xito en el manejo de la pol\u00edtica educativa y el control que hab\u00eda tenido de la Secci\u00f3n 22 como&nbsp;Director&nbsp;del IEEPO.&nbsp;<\/p>\n\n\n\n<p>Uno y otro intentaron agenciarse un logro ajeno: \u00e9ste s\u00f3lo le pertenece al Presidente Andr\u00e9s Manuel L\u00f3pez Obrador, y su determinaci\u00f3n de no dejar piedra sobre piedra de la reforma educativa,&nbsp;y de devolverle todo el poder al gremio magisterial para conducir la educaci\u00f3n, y la administraci\u00f3n de la educaci\u00f3n en todo el pa\u00eds.<\/p>\n\n\n\n<p>Desde el d\u00eda 1 de su gobierno, AMLO impuls\u00f3 la abrogaci\u00f3n de la reforma educativa del presidente Pe\u00f1a Nieto. Al conseguirlo, gracias a la amplia mayor\u00eda legislativa con la que cont\u00f3 en los primeros tres a\u00f1os de su gobierno, L\u00f3pez Obrador declar\u00f3 cancelados temas tan sensibles para los maestros del pa\u00eds \u2014y particularmente para los del sureste mexicano\u2014 como la evaluaci\u00f3n docente, el servicio profesional de carrera en los trabajadores de la educaci\u00f3n, y&nbsp;revivi\u00f3 el&nbsp;cogobierno&nbsp;Sindicato-Estado en la relaciones laborales y administrativas de los trabajadores de la educaci\u00f3n.<\/p>\n\n\n\n<p>A la par de ello&nbsp;resurgi\u00f3&nbsp;el amplio poder del ala moderada magisterial del centro y norte del pa\u00eds con Elba Esther Gordillo a la cabeza. Y al&nbsp;sur-sureste&nbsp;mexicano le regal\u00f3 posiciones, control, recursos \u2014les devolvi\u00f3 la hegemon\u00eda del manejo presupuestal de la n\u00f3mina educativa a trav\u00e9s del FONE\u2014 y nuevos cotos de poder, que ni en sus mejores \u00e9pocas habr\u00edan imaginado.&nbsp;<\/p>\n\n\n\n<p>En el Congreso federal les regal\u00f3 \u2014entre Oaxaca, Chiapas, Guerrero y Michoac\u00e1n\u2014 m\u00e1s de 40 posiciones legislativas.&nbsp;Muchas de ellas perviven hasta nuestros d\u00edas.&nbsp;<\/p>\n\n\n\n<p>En ese escenario, \u00bfc\u00f3mo no pensar entonces que la Secci\u00f3n 22 s\u00ed est\u00e1 jugando amplios intereses en este proceso electoral, que toca los tres \u00f3rdenes de gobierno? No los veremos haciendo activismo, pero s\u00ed moviliz\u00e1ndose. Ya comenzaron a hacerlo, y no dejar\u00e1n de hacer sentir su presencia, siempre a su modo: en las calles, en los plantones y en las mesas de negociaci\u00f3n. Hoy es algo nebuloso entender qu\u00e9 exigen o por qu\u00e9 se movilizan.&nbsp;<\/p>\n\n\n\n<p>En realidad lo hacen para que todos&nbsp;\u2014gobierno, sociedad, grupos pol\u00edticos, etc\u00e9tera\u2014 recordemos que&nbsp;siempre&nbsp;est\u00e1n ah\u00ed,&nbsp;y que ellos son un factor determinante para la gobernabilidad de Oaxaca y del sureste del pa\u00eds. Nada m\u00e1s.&nbsp;<\/p>\n\n\n\n<p>EPITAFIO&nbsp;<\/p>\n\n\n\n<p>\u00bfDe qu\u00e9 tama\u00f1o ser\u00e1n los intereses en juego, que todos los partidos est\u00e1n asumiendo casi por descontada esta elecci\u00f3n? La \u00fanica interrogante versa alrededor del PT, que parece el \u00fanico dispuesto a jugar a recoger todo lo que tiran los otros partidos. Se avecinan tiempos complejos en los que Benjam\u00edn Robles Montoya estar\u00e1 c\u00f3modo en el escenario que mejor conoce: el de ser la v\u00edctima del sistema, y el principal detractor&nbsp;\u2014aunque antes fue el principal aliado\u2014 de quienes le abrieron la puerta al peque\u00f1o coto de poder que hoy ostenta. Al tiempo.&nbsp;<\/p>\n\n\n\n<p>*Periodista y abogado.<\/p>\n\n\n\n<p>@ortizromeroc<\/p>\n\n\n\n<p>@columnaalmargen&nbsp;<\/p>\n\n\n\n<p><blockquote class=\"wp-embedded-content\" data-secret=\"sWKcJeC8mp\"><a href=\"https:\/\/columnaalmargen.mx\/\">P\u00e1gina de Inicio<\/a><\/blockquote><iframe class=\"wp-embedded-content\" sandbox=\"allow-scripts\" security=\"restricted\" style=\"position: absolute; clip: rect(1px, 1px, 1px, 1px);\" title=\"&#8220;P\u00e1gina de Inicio&#8221; &#8212; Columna Al Margen\" src=\"https:\/\/columnaalmargen.mx\/embed\/#?secret=auoiwR77Zc#?secret=sWKcJeC8mp\" data-secret=\"sWKcJeC8mp\" width=\"600\" height=\"338\" frameborder=\"0\" marginwidth=\"0\" marginheight=\"0\" scrolling=\"no\"><\/iframe><\/p>\n","protected":false},"excerpt":{"rendered":"<p>Adri\u00e1n Ortiz Romero Cuevas*&nbsp; Est\u00e1 equivocado quien crea que la Secci\u00f3n 22 del SNTE no&hellip;<\/p>\n","protected":false},"author":2,"featured_media":41727,"comment_status":"closed","ping_status":"open","sticky":false,"template":"","format":"standard","meta":{"_lmt_disableupdate":"","_lmt_disable":"","_jetpack_memberships_contains_paid_content":false,"footnotes":""},"categories":[456,109],"tags":[2994],"class_list":["post-66458","post","type-post","status-publish","format-standard","has-post-thumbnail","hentry","category-columna","category-minuto-a-minuto","tag-adrian-ortiz-romero-cuevas"],"jetpack_featured_media_url":"https:\/\/zonaroja.com.mx\/wp-content\/uploads\/2022\/05\/268ff40f-0d29-460d-b639-fc8eebaa17a4.jpg","jetpack_sharing_enabled":true,"_links":{"self":[{"href":"https:\/\/zonaroja.com.mx\/index.php?rest_route=\/wp\/v2\/posts\/66458","targetHints":{"allow":["GET"]}}],"collection":[{"href":"https:\/\/zonaroja.com.mx\/index.php?rest_route=\/wp\/v2\/posts"}],"about":[{"href":"https:\/\/zonaroja.com.mx\/index.php?rest_route=\/wp\/v2\/types\/post"}],"author":[{"embeddable":true,"href":"https:\/\/zonaroja.com.mx\/index.php?rest_route=\/wp\/v2\/users\/2"}],"replies":[{"embeddable":true,"href":"https:\/\/zonaroja.com.mx\/index.php?rest_route=%2Fwp%2Fv2%2Fcomments&post=66458"}],"version-history":[{"count":1,"href":"https:\/\/zonaroja.com.mx\/index.php?rest_route=\/wp\/v2\/posts\/66458\/revisions"}],"predecessor-version":[{"id":66459,"href":"https:\/\/zonaroja.com.mx\/index.php?rest_route=\/wp\/v2\/posts\/66458\/revisions\/66459"}],"wp:featuredmedia":[{"embeddable":true,"href":"https:\/\/zonaroja.com.mx\/index.php?rest_route=\/wp\/v2\/media\/41727"}],"wp:attachment":[{"href":"https:\/\/zonaroja.com.mx\/index.php?rest_route=%2Fwp%2Fv2%2Fmedia&parent=66458"}],"wp:term":[{"taxonomy":"category","embeddable":true,"href":"https:\/\/zonaroja.com.mx\/index.php?rest_route=%2Fwp%2Fv2%2Fcategories&post=66458"},{"taxonomy":"post_tag","embeddable":true,"href":"https:\/\/zonaroja.com.mx\/index.php?rest_route=%2Fwp%2Fv2%2Ftags&post=66458"}],"curies":[{"name":"wp","href":"https:\/\/api.w.org\/{rel}","templated":true}]}}