{"id":66460,"date":"2024-03-20T16:53:00","date_gmt":"2024-03-20T22:53:00","guid":{"rendered":"http:\/\/www.zonaroja.com.mx\/?p=66460"},"modified":"2024-03-20T07:55:21","modified_gmt":"2024-03-20T13:55:21","slug":"alta-probabilidad-que-2024-sea-el-mas-calido-de-la-historia-onu","status":"publish","type":"post","link":"https:\/\/zonaroja.com.mx\/?p=66460","title":{"rendered":"\u00abAlta probabilidad\u00bb que 2024 sea el m\u00e1s c\u00e1lido de la historia: ONU"},"content":{"rendered":"\n<p>Redacci\u00f3n\/Zona Roja Cdmx.<\/p>\n\n\n\n<p>Ciudad de M\u00e9xico, a 20 de marzo de 2024.- Hay una \u00abalta probabilidad\u00bb de que 2024 sea el a\u00f1o m\u00e1s c\u00e1lido desde que hay registros, despu\u00e9s de que el decenio finalizado en 2023 rompiera un r\u00e9cord de calor que empuja al planeta \u00abal borde del abismo\u00bb, alert\u00f3 este martes la ONU.<\/p>\n\n\n\n<p>Un informe de la Organizaci\u00f3n Meteorol\u00f3gica Mundial (OMM) confirm\u00f3 los datos preliminares que muestran que en 2023 se registraron niveles de calor sin precedentes desde que hay registros.<\/p>\n\n\n\n<p>Adem\u00e1s la agencia de la ONU, con sede en Ginebra, se\u00f1al\u00f3 que el decenio concluido en 2023 fue el m\u00e1s c\u00e1lido desde que comenzaron las mediciones.<\/p>\n\n\n\n<p>Adem\u00e1s se \u00abpulverizaron\u00bb varios r\u00e9cords de los niveles de gases de efecto invernadero, las temperaturas en superficie, la temperatura y el aumento de nivel del mar y el retroceso de los glaciares.<\/p>\n\n\n\n<p>\u00abNo podemos decirlo con certeza\u00bb pero \u00abdir\u00eda que hay una alta probabilidad que 2024 vuelva a batir el r\u00e9cord de 2023\u00bb, declar\u00f3 Omar Baddour, encargado de monitoreo del clima de la OMM, durante la presentaci\u00f3n del informe.<\/p>\n\n\n\n<p>El secretario general de la ONU, Antonio Guterres, afirm\u00f3 que este reporte muestra que el planeta \u00abest\u00e1 al borde del abismo\u00bb.<\/p>\n\n\n\n<p>El a\u00f1o 2023 fue el m\u00e1s c\u00e1lido de los 174 a\u00f1os que hay registros, y la temperatura media mundial cerca de la superficie estuvo 1,45\u00b0C por encima del nivel de referencia de la era preindustrial, seg\u00fan la OMM.<\/p>\n\n\n\n<p>La secretaria general de la OMM, la argentina Celeste Saulo, indic\u00f3 que el mundo nunca ha estado tan cerca, aunque de momento de forma temporal, del l\u00edmite inferior de 1,5 \u00b0C del Acuerdo de Par\u00eds de 2015 sobre el cambio clim\u00e1tico.<\/p>\n\n\n\n<p>(Informaci\u00f3n de la agencia AFP en \u201cLa Jornada\u201d)<\/p>\n","protected":false},"excerpt":{"rendered":"<p>Redacci\u00f3n\/Zona Roja Cdmx. Ciudad de M\u00e9xico, a 20 de marzo de 2024.- Hay una \u00abalta&hellip;<\/p>\n","protected":false},"author":2,"featured_media":43828,"comment_status":"closed","ping_status":"open","sticky":false,"template":"","format":"standard","meta":{"_lmt_disableupdate":"","_lmt_disable":"","_jetpack_memberships_contains_paid_content":false,"footnotes":""},"categories":[109,47],"tags":[3521],"class_list":["post-66460","post","type-post","status-publish","format-standard","has-post-thumbnail","hentry","category-minuto-a-minuto","category-zona-gris","tag-cambio-climatico"],"jetpack_featured_media_url":"https:\/\/zonaroja.com.mx\/wp-content\/uploads\/2022\/07\/Ola-de-calor-Europa.jpeg","jetpack_sharing_enabled":true,"_links":{"self":[{"href":"https:\/\/zonaroja.com.mx\/index.php?rest_route=\/wp\/v2\/posts\/66460","targetHints":{"allow":["GET"]}}],"collection":[{"href":"https:\/\/zonaroja.com.mx\/index.php?rest_route=\/wp\/v2\/posts"}],"about":[{"href":"https:\/\/zonaroja.com.mx\/index.php?rest_route=\/wp\/v2\/types\/post"}],"author":[{"embeddable":true,"href":"https:\/\/zonaroja.com.mx\/index.php?rest_route=\/wp\/v2\/users\/2"}],"replies":[{"embeddable":true,"href":"https:\/\/zonaroja.com.mx\/index.php?rest_route=%2Fwp%2Fv2%2Fcomments&post=66460"}],"version-history":[{"count":1,"href":"https:\/\/zonaroja.com.mx\/index.php?rest_route=\/wp\/v2\/posts\/66460\/revisions"}],"predecessor-version":[{"id":66461,"href":"https:\/\/zonaroja.com.mx\/index.php?rest_route=\/wp\/v2\/posts\/66460\/revisions\/66461"}],"wp:featuredmedia":[{"embeddable":true,"href":"https:\/\/zonaroja.com.mx\/index.php?rest_route=\/wp\/v2\/media\/43828"}],"wp:attachment":[{"href":"https:\/\/zonaroja.com.mx\/index.php?rest_route=%2Fwp%2Fv2%2Fmedia&parent=66460"}],"wp:term":[{"taxonomy":"category","embeddable":true,"href":"https:\/\/zonaroja.com.mx\/index.php?rest_route=%2Fwp%2Fv2%2Fcategories&post=66460"},{"taxonomy":"post_tag","embeddable":true,"href":"https:\/\/zonaroja.com.mx\/index.php?rest_route=%2Fwp%2Fv2%2Ftags&post=66460"}],"curies":[{"name":"wp","href":"https:\/\/api.w.org\/{rel}","templated":true}]}}