{"id":66466,"date":"2024-03-20T17:46:37","date_gmt":"2024-03-20T23:46:37","guid":{"rendered":"http:\/\/www.zonaroja.com.mx\/?p=66466"},"modified":"2024-03-20T17:46:38","modified_gmt":"2024-03-20T23:46:38","slug":"aprehenden-a-notario-jorge-z-r-presunto-integrante-del-cartel-despojo","status":"publish","type":"post","link":"https:\/\/zonaroja.com.mx\/?p=66466","title":{"rendered":"Aprehenden a notario Jorge Z. R., presunto integrante del \u201cC\u00e1rtel despojo\u201d"},"content":{"rendered":"\n<p>Yuridiana Sosa\/Zona Roja.<\/p>\n\n\n\n<p>Oaxaca de Ju\u00e1rez, Oax., 20 de marzo de 2024.- El fiscal General de Oaxaca, Bernardo Rodr\u00edguez Alamilla, confirm\u00f3 la ejecuci\u00f3n de una orden de aprehensi\u00f3n contra el Notario P\u00fablico n\u00famero 84, Jorge Z. R., conocido como \u201cEl Rat\u00f3n\u201d, por los delitos de ejercicio il\u00edcito del servicio p\u00fablico y ejercicio abusivo de funciones.<\/p>\n\n\n\n<p>El notario es padre del ex director del Instituto Catastral del Estado durante el gobierno del priista Alejando Murat Hinojosa, Jorge Z\u00e1rate Medina, y detenido en marzo de 2023, se\u00f1alado por los delito de ejercicio il\u00edcito del servicio p\u00fablico; ambos vinculados por su participaci\u00f3n en el \u201cC\u00e1rtel del despojo\u201d en Oaxaca.<\/p>\n\n\n\n<p>Rodr\u00edguez Alamilla se\u00f1al\u00f3 que el caso lo lleva la Fiscal\u00eda Especializada de Combate a la Corrupci\u00f3n,&nbsp; pero fue la Fiscal\u00eda General quien ejecut\u00f3 la detenci\u00f3n en un operativo realizado en Ciudad Administrativa, durante una vista de Z. R.<\/p>\n\n\n\n<p>En junio de 2023, la notar\u00eda de Jorge Z. R. \u2014quien fue funcionario en el sexenio de Jos\u00e9 Murat\u2014, tambi\u00e9n fue objeto de un operativo de cateo por sus presuntas participaciones con el \u201cC\u00e1rtel del despojo\u201d.<\/p>\n\n\n\n<p>\u00cdNDICES A LA BAJA<\/p>\n\n\n\n<p>Por otra parte, el titular de la Fiscal\u00eda General de Oaxaca, Bernardo Rodr\u00edguez Alamilla ofreci\u00f3 resultados favorables en el programa \u201cOaxaca Segura\u201d, implementado en&nbsp; febrero de forma interinstitucional para combatir la inseguridad en la capital y zona conurbada.<\/p>\n\n\n\n<p>En conferencia del gabinete de seguridad, precis\u00f3 que de acuerdo a las estad\u00edsticas para medir la efectividad de la intervenci\u00f3n de las autoridades, los \u00edndices delictivos disminuyeron en varias agencias de la capital en comparaci\u00f3n a enero y en especial a febrero de 2023.<\/p>\n\n\n\n<p>En enero se registr\u00f3 una reducci\u00f3n del 15 por ciento en la incidencia delictiva y en febrero hay una reducci\u00f3n del 17 por ciento en la capital.<\/p>\n\n\n\n<p>Se\u00f1al\u00f3 que sin la intervenci\u00f3n de las autoridades habr\u00eda un alza de&nbsp; los delitos.<\/p>\n\n\n\n<p>De forma espec\u00edfica, inform\u00f3 que por el delito de robo se registr\u00f3 una disminuci\u00f3n del 21.7 por ciento en enero y en febrero fue del 44 por ciento respecto al a\u00f1o anterior.<\/p>\n\n\n\n<p>El robo de veh\u00edculo de motor en enero fue de 4.5 por ciento menos y en febrero de 17 por ciento; el robo a casa habitaci\u00f3n disminuy\u00f3 del 38 por ciento y en febrero se observa una reducci\u00f3n del 81 por ciento, con solo cuatro denuncias en febrero.<\/p>\n\n\n\n<p>Por el robo a negocios hay una disminuci\u00f3n de dos carpetas menos en enero y en febrero, cuando ya estaba aplic\u00e1ndose el programa del 39 por ciento; en el tema de violencia familiar, &nbsp;se logr\u00f3 una reducci\u00f3n del 14 por ciento&nbsp; en enero y en febrero del 6 por ciento.<\/p>\n\n\n\n<p>El informe detalla el progreso en las agencias municipales de la capital. En la agencia de Santa Rosa Panzacola la incidencia delictiva en enero baj\u00f3 en&nbsp; 51 por ciento y en febrero del 37 por ciento.<\/p>\n\n\n\n<p>En el caso de Pueblo Nuevo en febrero de un 10.5 por ciento. En San Mart\u00edn Mexic\u00e1pam, &nbsp;hubo un aumento del 13 por ciento en enero pero en febrero disminuy\u00f3 al igual que San Juan Chapultepec.<\/p>\n\n\n\n<p>En el caso de Trinidad de Viguera, se observ\u00f3 un aumento en febrero, pero se detect\u00f3 que hay m\u00e1s denuncias y eso ayuda porque significa que la gente se anima a denunciar y ayuda a enfocar los esfuerzos, se\u00f1al\u00f3.&nbsp;<\/p>\n","protected":false},"excerpt":{"rendered":"<p>Yuridiana Sosa\/Zona Roja. Oaxaca de Ju\u00e1rez, Oax., 20 de marzo de 2024.- El fiscal General&hellip;<\/p>\n","protected":false},"author":2,"featured_media":66467,"comment_status":"closed","ping_status":"open","sticky":false,"template":"","format":"standard","meta":{"_lmt_disableupdate":"","_lmt_disable":"","_jetpack_memberships_contains_paid_content":false,"footnotes":""},"categories":[109,46],"tags":[494],"class_list":["post-66466","post","type-post","status-publish","format-standard","has-post-thumbnail","hentry","category-minuto-a-minuto","category-zona-blanca","tag-fiscalia-general-del-estado-de-oaxaca"],"jetpack_featured_media_url":"https:\/\/zonaroja.com.mx\/wp-content\/uploads\/2024\/03\/Jorge-Zarate-Ramirez.jpg","jetpack_sharing_enabled":true,"_links":{"self":[{"href":"https:\/\/zonaroja.com.mx\/index.php?rest_route=\/wp\/v2\/posts\/66466","targetHints":{"allow":["GET"]}}],"collection":[{"href":"https:\/\/zonaroja.com.mx\/index.php?rest_route=\/wp\/v2\/posts"}],"about":[{"href":"https:\/\/zonaroja.com.mx\/index.php?rest_route=\/wp\/v2\/types\/post"}],"author":[{"embeddable":true,"href":"https:\/\/zonaroja.com.mx\/index.php?rest_route=\/wp\/v2\/users\/2"}],"replies":[{"embeddable":true,"href":"https:\/\/zonaroja.com.mx\/index.php?rest_route=%2Fwp%2Fv2%2Fcomments&post=66466"}],"version-history":[{"count":1,"href":"https:\/\/zonaroja.com.mx\/index.php?rest_route=\/wp\/v2\/posts\/66466\/revisions"}],"predecessor-version":[{"id":66468,"href":"https:\/\/zonaroja.com.mx\/index.php?rest_route=\/wp\/v2\/posts\/66466\/revisions\/66468"}],"wp:featuredmedia":[{"embeddable":true,"href":"https:\/\/zonaroja.com.mx\/index.php?rest_route=\/wp\/v2\/media\/66467"}],"wp:attachment":[{"href":"https:\/\/zonaroja.com.mx\/index.php?rest_route=%2Fwp%2Fv2%2Fmedia&parent=66466"}],"wp:term":[{"taxonomy":"category","embeddable":true,"href":"https:\/\/zonaroja.com.mx\/index.php?rest_route=%2Fwp%2Fv2%2Fcategories&post=66466"},{"taxonomy":"post_tag","embeddable":true,"href":"https:\/\/zonaroja.com.mx\/index.php?rest_route=%2Fwp%2Fv2%2Ftags&post=66466"}],"curies":[{"name":"wp","href":"https:\/\/api.w.org\/{rel}","templated":true}]}}