{"id":66469,"date":"2024-03-20T18:35:32","date_gmt":"2024-03-21T00:35:32","guid":{"rendered":"http:\/\/www.zonaroja.com.mx\/?p=66469"},"modified":"2024-03-20T18:35:33","modified_gmt":"2024-03-21T00:35:33","slug":"avanza-sin-contratiempos-proceso-electoral-vigila-ieepco-cumplimiento-de-acciones-afirmativas","status":"publish","type":"post","link":"https:\/\/zonaroja.com.mx\/?p=66469","title":{"rendered":"Avanza sin contratiempos proceso electoral; vigila IEEPCO cumplimiento de acciones afirmativas"},"content":{"rendered":"\n<p>Yuridiana Sosa\/Zona Roja.<\/p>\n\n\n\n<p>Oaxaca de Ju\u00e1rez, Oax., a 20 de marzo de 2024.- La presidenta del IEEPCO, &nbsp;Elizabeth S\u00e1nchez &nbsp;Gonz\u00e1lez, asegur\u00f3 que el Consejo General del instituto vigilar\u00e1 que los partidos pol\u00edticos cumplan con las acciones afirmativas en el registro de candidaturas, as\u00ed como que se cumplan con el tres de tres contra la violencia de mujeres.<\/p>\n\n\n\n<p>En ese sentido, la titular del Instituto Estatal Electoral y de Participaci\u00f3n Ciudadana de Oaxaca afirm\u00f3 que no permitir\u00e1n las simulaciones en las candidaturas de personas ind\u00edgenas, afromexicanas o con discapacidad.<\/p>\n\n\n\n<p>\u201cSi las personas que se registran con cierta acci\u00f3n afirmativa no cumple con los requisitos y los documentos solicitados no se estar\u00e1n otorgando los registros\u201d, asegur\u00f3.<\/p>\n\n\n\n<p>Es por ello que llam\u00f3 a los partidos pol\u00edticos para que las personas que vayan a registrar cumplan con los requisitos como son las acciones afirmativas, la paridad &nbsp;de g\u00e9nero, y el tres de tres en contra de la violencia contra las mujeres.<\/p>\n\n\n\n<p>Precisamente, la ampliaci\u00f3n del plazo para la presentaci\u00f3n de solicitudes de registro de candidaturas en el Proceso Electoral Ordinario 2023-2024 en el Estado de Oaxaca obedece a la solicitud de partidos pol\u00edticos respecto a la interpretaci\u00f3n de c\u00f3mo deben integrarse las acciones afirmativas.<\/p>\n\n\n\n<p>La duda, dijo, se enfoca &nbsp;sobre todo en el caso de los ayuntamientos con la integraci\u00f3n de las planillas con una acci\u00f3n afirmativa, pues el propietario y suplente deben ser de la misma acci\u00f3n afirmativa.<\/p>\n\n\n\n<p>EN ALERTA<\/p>\n\n\n\n<p>S\u00e1nchez &nbsp;Gonz\u00e1lez destac\u00f3 la coordinaci\u00f3n institucional con autoridades estatales para atender cualquier contingencia en el marco del proceso electoral.<\/p>\n\n\n\n<p>Record\u00f3 que desde el mes de septiembre se instal\u00f3 la mesa de seguridad con la Secretar\u00eda de Gobierno, la cual tiene a su cargo el seguimiento a los municipios o regiones que presentan alg\u00fan tipo de conflicto.<\/p>\n\n\n\n<p>El IEEPCO, dijo, proporciona la informaci\u00f3n necesaria a la Secretar\u00eda de Seguridad P\u00fablica y la Secretar\u00eda de Gobierno, la cual tiene a su cargo la realizaci\u00f3n del mapa de riesgo de las zonas en las que se debe prestar especial atenci\u00f3n en dicho proceso.<\/p>\n\n\n\n<p>Por lo que hasta ahora no se\u00f1al\u00f3 los municipios \u201cfocos rojos\u201d para la jornada del 2 de junio.<\/p>\n","protected":false},"excerpt":{"rendered":"<p>Yuridiana Sosa\/Zona Roja. Oaxaca de Ju\u00e1rez, Oax., a 20 de marzo de 2024.- La presidenta&hellip;<\/p>\n","protected":false},"author":2,"featured_media":66472,"comment_status":"closed","ping_status":"open","sticky":false,"template":"","format":"standard","meta":{"_lmt_disableupdate":"","_lmt_disable":"","_jetpack_memberships_contains_paid_content":false,"footnotes":""},"categories":[109,46],"tags":[2924,2932],"class_list":["post-66469","post","type-post","status-publish","format-standard","has-post-thumbnail","hentry","category-minuto-a-minuto","category-zona-blanca","tag-elizabeth-sanchez-gonzalez","tag-instituto-estatal-electoral-y-de-participacion-ciudadana-de-oaxaca-ieepco"],"jetpack_featured_media_url":"https:\/\/zonaroja.com.mx\/wp-content\/uploads\/2024\/03\/Elizabeth-Sanchez-g.jpg","jetpack_sharing_enabled":true,"_links":{"self":[{"href":"https:\/\/zonaroja.com.mx\/index.php?rest_route=\/wp\/v2\/posts\/66469","targetHints":{"allow":["GET"]}}],"collection":[{"href":"https:\/\/zonaroja.com.mx\/index.php?rest_route=\/wp\/v2\/posts"}],"about":[{"href":"https:\/\/zonaroja.com.mx\/index.php?rest_route=\/wp\/v2\/types\/post"}],"author":[{"embeddable":true,"href":"https:\/\/zonaroja.com.mx\/index.php?rest_route=\/wp\/v2\/users\/2"}],"replies":[{"embeddable":true,"href":"https:\/\/zonaroja.com.mx\/index.php?rest_route=%2Fwp%2Fv2%2Fcomments&post=66469"}],"version-history":[{"count":1,"href":"https:\/\/zonaroja.com.mx\/index.php?rest_route=\/wp\/v2\/posts\/66469\/revisions"}],"predecessor-version":[{"id":66473,"href":"https:\/\/zonaroja.com.mx\/index.php?rest_route=\/wp\/v2\/posts\/66469\/revisions\/66473"}],"wp:featuredmedia":[{"embeddable":true,"href":"https:\/\/zonaroja.com.mx\/index.php?rest_route=\/wp\/v2\/media\/66472"}],"wp:attachment":[{"href":"https:\/\/zonaroja.com.mx\/index.php?rest_route=%2Fwp%2Fv2%2Fmedia&parent=66469"}],"wp:term":[{"taxonomy":"category","embeddable":true,"href":"https:\/\/zonaroja.com.mx\/index.php?rest_route=%2Fwp%2Fv2%2Fcategories&post=66469"},{"taxonomy":"post_tag","embeddable":true,"href":"https:\/\/zonaroja.com.mx\/index.php?rest_route=%2Fwp%2Fv2%2Ftags&post=66469"}],"curies":[{"name":"wp","href":"https:\/\/api.w.org\/{rel}","templated":true}]}}