{"id":66477,"date":"2024-03-20T20:30:00","date_gmt":"2024-03-21T02:30:00","guid":{"rendered":"http:\/\/www.zonaroja.com.mx\/?p=66477"},"modified":"2024-03-20T19:57:56","modified_gmt":"2024-03-21T01:57:56","slug":"denuncia-pan-que-en-oaxaca-morena-amenaza-a-sus-candidatos-para-bajarlos-de-contienda","status":"publish","type":"post","link":"https:\/\/zonaroja.com.mx\/?p=66477","title":{"rendered":"Denuncia PAN que en Oaxaca, Morena amenaza a sus candidatos para bajarlos de contienda"},"content":{"rendered":"\n<p>Yuridiana Sosa\/Zona Roja.<\/p>\n\n\n\n<p>Oaxaca de Ju\u00e1rez, Oax., a 20 de marzo de 2024.- La presidenta del Comit\u00e9 Directivo Estatal del PAN en Oaxaca, Perla Woolrich, denunci\u00f3 que el partido Morena ha realizado amenazas contra sus candidatos para evitar que participen en la contienda electoral de este a\u00f1o, al punto que por miedo no han presentado las denuncias oficialmente.<\/p>\n\n\n\n<p>En conferencia de prensa,&nbsp;se\u00f1al\u00f3 que no ha sido un proceso limpio por parte de Morena al quitarles a sus candidatos, varios de ellos casi asegurados, pero por miedo desistieron.<\/p>\n\n\n\n<p>Como ocurri\u00f3 en Ejutla de Crespo, por mencionar un ejemplo, por ello la postulada no acept\u00f3 participar en este proceso.<\/p>\n\n\n\n<p>\u201cHemos estado haciendo milagros para llenar las planillas\u201d, destac\u00f3 al mencionar que ya enviaron la documentaci\u00f3n debida al Comit\u00e9 Nacional para iniciar los registros.<\/p>\n\n\n\n<p>DE VERG\u00dcENZA AJENA<\/p>\n\n\n\n<p>Asimismo, la presidenta de Acci\u00f3n Nacional asever\u00f3 que es de \u201cverg\u00fcenza ajena\u201d lo que Morena hace para llenar sus espacios plurinominales al aceptar a priistas y sobre todo utilizando acciones afirmativas falsas.<\/p>\n\n\n\n<p>Critic\u00f3 el caso de la ex priista y ahora Verde&nbsp; Ecologista, Gabriela P\u00e9rez, la hija de Eviel P\u00e9rez Maga\u00f1a, &nbsp;al registrarla como una persona con incapacidad. \u201cNo s\u00e9 que tenga, no s\u00e9 si de la cabeza de que no le llegue el agua al coco\u201d.<\/p>\n\n\n\n<p>\u201cNo s\u00e9 por qu\u00e9 se rebajan al punto de aparecer como discapacitados con el objeto de estar en una planilla plurinominal y como ese tambi\u00e9n el caso del ex gobernador, Alejandro Murat\u201d, expres\u00f3.<\/p>\n\n\n\n<p>Dijo que es lamentable la manera en la que se rebaj\u00f3 Murat Hinojosa ante Morena y aceptar el puesto plurinominal n\u00famero 13 como candidato al Senado despu\u00e9s de que presum\u00eda su mandato como priista y por el cual recibir\u00eda supuestamente un homenaje.<\/p>\n\n\n\n<p>\u201cLos gobernadores morenistas que tanto odiaban a la oposici\u00f3n, pues ahora van a convivir en santa armon\u00eda y tragarse sus palabras\u201d, se\u00f1al\u00f3.<\/p>\n","protected":false},"excerpt":{"rendered":"<p>Yuridiana Sosa\/Zona Roja. Oaxaca de Ju\u00e1rez, Oax., a 20 de marzo de 2024.- La presidenta&hellip;<\/p>\n","protected":false},"author":2,"featured_media":66470,"comment_status":"closed","ping_status":"open","sticky":false,"template":"","format":"standard","meta":{"_lmt_disableupdate":"","_lmt_disable":"","_jetpack_memberships_contains_paid_content":false,"footnotes":""},"categories":[109,46],"tags":[3875,3874],"class_list":["post-66477","post","type-post","status-publish","format-standard","has-post-thumbnail","hentry","category-minuto-a-minuto","category-zona-blanca","tag-pan-oaxaca","tag-perla-woolrich"],"jetpack_featured_media_url":"https:\/\/zonaroja.com.mx\/wp-content\/uploads\/2024\/03\/Perla-Woolrich-conferencia-PAN.jpg","jetpack_sharing_enabled":true,"_links":{"self":[{"href":"https:\/\/zonaroja.com.mx\/index.php?rest_route=\/wp\/v2\/posts\/66477","targetHints":{"allow":["GET"]}}],"collection":[{"href":"https:\/\/zonaroja.com.mx\/index.php?rest_route=\/wp\/v2\/posts"}],"about":[{"href":"https:\/\/zonaroja.com.mx\/index.php?rest_route=\/wp\/v2\/types\/post"}],"author":[{"embeddable":true,"href":"https:\/\/zonaroja.com.mx\/index.php?rest_route=\/wp\/v2\/users\/2"}],"replies":[{"embeddable":true,"href":"https:\/\/zonaroja.com.mx\/index.php?rest_route=%2Fwp%2Fv2%2Fcomments&post=66477"}],"version-history":[{"count":1,"href":"https:\/\/zonaroja.com.mx\/index.php?rest_route=\/wp\/v2\/posts\/66477\/revisions"}],"predecessor-version":[{"id":66478,"href":"https:\/\/zonaroja.com.mx\/index.php?rest_route=\/wp\/v2\/posts\/66477\/revisions\/66478"}],"wp:featuredmedia":[{"embeddable":true,"href":"https:\/\/zonaroja.com.mx\/index.php?rest_route=\/wp\/v2\/media\/66470"}],"wp:attachment":[{"href":"https:\/\/zonaroja.com.mx\/index.php?rest_route=%2Fwp%2Fv2%2Fmedia&parent=66477"}],"wp:term":[{"taxonomy":"category","embeddable":true,"href":"https:\/\/zonaroja.com.mx\/index.php?rest_route=%2Fwp%2Fv2%2Fcategories&post=66477"},{"taxonomy":"post_tag","embeddable":true,"href":"https:\/\/zonaroja.com.mx\/index.php?rest_route=%2Fwp%2Fv2%2Ftags&post=66477"}],"curies":[{"name":"wp","href":"https:\/\/api.w.org\/{rel}","templated":true}]}}