{"id":66482,"date":"2024-03-21T10:30:00","date_gmt":"2024-03-21T16:30:00","guid":{"rendered":"http:\/\/www.zonaroja.com.mx\/?p=66482"},"modified":"2024-03-21T06:35:27","modified_gmt":"2024-03-21T12:35:27","slug":"acusa-periodista-despido-injustificado-de-radio-formula-tras-ser-mencionada-en-mananera","status":"publish","type":"post","link":"https:\/\/zonaroja.com.mx\/?p=66482","title":{"rendered":"Acusa periodista despido injustificado de Radio F\u00f3rmula, tras ser mencionada en \u201cma\u00f1anera\u201d"},"content":{"rendered":"\n<p>Redacci\u00f3n\/Zona Roja Cdmx.<\/p>\n\n\n\n<p>Ciudad de M\u00e9xico, a 21 de marzo de 2024.- En la \u201cma\u00f1anera\u2019 de este mi\u00e9rcoles, dentro de la secci\u00f3n \u2018Qui\u00e9n es Qui\u00e9n en las Mentiras\u2019, se exhibi\u00f3 un chat de WhatsApp donde presuntamente se pretende crear campa\u00f1as de tendencia negativa en X, antes Twitter, contra el presidente Andr\u00e9s Manuel L\u00f3pez Obrador.<\/p>\n\n\n\n<p>La presentadora de la secci\u00f3n Elizabeth Garc\u00eda Vilchis, expuso un reportaje donde se dice que el chat pertenece a la Sociedad Civil M\u00e9xico, el cual es seg\u00fan administrado por la exdiputada del PAN, Ana Luc\u00eda Media, y la periodista Laura Brug\u00e9s, y que ambas reciben fuertes cantidades de dinero del empresario Claudio X. Gonz\u00e1lez.<\/p>\n\n\n\n<p>SE DESLINDA<\/p>\n\n\n\n<p>La periodista Laura Brug\u00e9s explic\u00f3 en un comunicado que despu\u00e9s de que fue nombrada en la conferencia del Presidente fue despedida injustificadamente de su puesto en Grupo F\u00f3rmula por disque administrar el chat.<\/p>\n\n\n\n<p>\u00abEn el transcurso de esta misma ma\u00f1ana, fui citada de forma sorpresiva a las instalaciones de Grupo F\u00f3rmula bajo enga\u00f1os. Cabe mencionar que desde el d\u00eda anterior, se me hab\u00eda asignado la cobertura de las actividades del Senado a partir de las 10:00 horas.&nbsp;<\/p>\n\n\n\n<p>\u201cAl llegar a las oficinas de Grupo F\u00f3rmula, fui abordada por la directora de Recursos Humanos, quien portaba unas hojas con el c\u00e1lculo de mi liquidaci\u00f3n. Al cuestionar el motivo, me inform\u00f3 que mi jefe directo, Ricardo Mu\u00f1oz, solicit\u00f3 mi \u00abdesvinculaci\u00f3n\u00bb de la empresa, seg\u00fan sus propias palabras\u201d, explic\u00f3.<\/p>\n\n\n\n<p>La reportera detall\u00f3 que su despido es injustificado por lo que no firm\u00f3 ning\u00fan documento as\u00ed que fue despojada de su identificaci\u00f3n de la empresa sin notificar al sindicato.<\/p>\n\n\n\n<p>\u201cEste proceder, caracterizado por un acto de autoritarismo, me privaron de la posibilidad de defenderme, vulnerando tanto mis derechos laborales como humanos, sin brindarme la oportunidad de presentar una r\u00e9plica. Me sorprendi\u00f3 enormemente esta conducta, ya que no refleja los valores de Grupo F\u00f3rmula.<\/p>\n\n\n\n<p>ALTO COSTO CRITICAR<\/p>\n\n\n\n<p>\u201cLamentablemente, en nuestra naci\u00f3n, expresar libremente nuestras opiniones y pensamientos conlleva un alto costo. No permitir que nadie, sea el Estado o un superior jer\u00e1rquico, nos agreda tiene sus consecuencias, las cuales estoy experimentando en este momento. Y esto tiene un precio, pues la libertad de expresi\u00f3n y la dignidad son principios que lamentablemente se han desvirtuado en nuestra sociedad\u201d, expuso.<\/p>\n\n\n\n<p>Tras su misiva, Laura Brug\u00e9s explic\u00f3 que su pertenencia al chat donde se le menciona es uno de tantos a los que ella dice acceder para recolectar informaci\u00f3n, m\u00e1s no para atacar al Presidente.<\/p>\n\n\n\n<p>\u201cUn d\u00eda que soy bot \u00e1rabe, al otro bot pakistan\u00ed, hoy amanec\u00ed con que soy una perversa operadora de Claudio X en chats de WhatsApp.&nbsp; Es un chat en el que me agregaron, como en los m\u00faltiples chats que estoy de varios partidos, lo permit\u00ed para monitorear el desarrollo de las campa\u00f1as pol\u00edticas y hacia d\u00f3nde va la conversaci\u00f3n. Pero no sab\u00eda que era un delito estar uno. \u00a1Los reto a que si tienen pruebas de que yo recibo dinero me lo demuestren! Porque eso se llama calumnia y da\u00f1o moral\u201d, finaliz\u00f3.<\/p>\n\n\n\n<p>(Informaci\u00f3n de \u201cR\u00e9cord\u201d M\u00e9xico)<\/p>\n","protected":false},"excerpt":{"rendered":"<p>Redacci\u00f3n\/Zona Roja Cdmx. Ciudad de M\u00e9xico, a 21 de marzo de 2024.- En la \u201cma\u00f1anera\u2019&hellip;<\/p>\n","protected":false},"author":2,"featured_media":66483,"comment_status":"closed","ping_status":"open","sticky":false,"template":"","format":"standard","meta":{"_lmt_disableupdate":"","_lmt_disable":"","_jetpack_memberships_contains_paid_content":false,"footnotes":""},"categories":[109,47],"tags":[3876],"class_list":["post-66482","post","type-post","status-publish","format-standard","has-post-thumbnail","hentry","category-minuto-a-minuto","category-zona-gris","tag-laura-burgues-periodista"],"jetpack_featured_media_url":"https:\/\/zonaroja.com.mx\/wp-content\/uploads\/2024\/03\/Periodista-Laura-Burgues-despedida-de-Radio-Formula.jpg","jetpack_sharing_enabled":true,"_links":{"self":[{"href":"https:\/\/zonaroja.com.mx\/index.php?rest_route=\/wp\/v2\/posts\/66482","targetHints":{"allow":["GET"]}}],"collection":[{"href":"https:\/\/zonaroja.com.mx\/index.php?rest_route=\/wp\/v2\/posts"}],"about":[{"href":"https:\/\/zonaroja.com.mx\/index.php?rest_route=\/wp\/v2\/types\/post"}],"author":[{"embeddable":true,"href":"https:\/\/zonaroja.com.mx\/index.php?rest_route=\/wp\/v2\/users\/2"}],"replies":[{"embeddable":true,"href":"https:\/\/zonaroja.com.mx\/index.php?rest_route=%2Fwp%2Fv2%2Fcomments&post=66482"}],"version-history":[{"count":1,"href":"https:\/\/zonaroja.com.mx\/index.php?rest_route=\/wp\/v2\/posts\/66482\/revisions"}],"predecessor-version":[{"id":66484,"href":"https:\/\/zonaroja.com.mx\/index.php?rest_route=\/wp\/v2\/posts\/66482\/revisions\/66484"}],"wp:featuredmedia":[{"embeddable":true,"href":"https:\/\/zonaroja.com.mx\/index.php?rest_route=\/wp\/v2\/media\/66483"}],"wp:attachment":[{"href":"https:\/\/zonaroja.com.mx\/index.php?rest_route=%2Fwp%2Fv2%2Fmedia&parent=66482"}],"wp:term":[{"taxonomy":"category","embeddable":true,"href":"https:\/\/zonaroja.com.mx\/index.php?rest_route=%2Fwp%2Fv2%2Fcategories&post=66482"},{"taxonomy":"post_tag","embeddable":true,"href":"https:\/\/zonaroja.com.mx\/index.php?rest_route=%2Fwp%2Fv2%2Ftags&post=66482"}],"curies":[{"name":"wp","href":"https:\/\/api.w.org\/{rel}","templated":true}]}}