{"id":66485,"date":"2024-03-21T09:30:00","date_gmt":"2024-03-21T15:30:00","guid":{"rendered":"http:\/\/www.zonaroja.com.mx\/?p=66485"},"modified":"2024-03-21T06:49:21","modified_gmt":"2024-03-21T12:49:21","slug":"dan-12-anos-de-prision-a-homicida-de-la-ciudad-de-oaxaca","status":"publish","type":"post","link":"https:\/\/zonaroja.com.mx\/?p=66485","title":{"rendered":"Dan 12 a\u00f1os de prisi\u00f3n a homicida de la ciudad de Oaxaca"},"content":{"rendered":"\n<p>Redacci\u00f3n\/Zona Roja.<\/p>\n\n\n\n<p>Oaxaca de Ju\u00e1rez, Oax., a 21 de marzo de 2024.-&nbsp;La Fiscal\u00eda General del Estado de Oaxaca obtuvo sentencia condenatoria de 12 a\u00f1os de prisi\u00f3n en contra de una persona del sexo masculino identificado como A.M.R.C., responsable por la comisi\u00f3n del delito de Homicidio Simple, cometido en la regi\u00f3n de los Valles Centrales.<\/p>\n\n\n\n<p>De acuerdo con el expediente penal del caso, los hechos ocurrieron el 18 de junio del 2022, cuando la v\u00edctima identificada como H.R.A., se encontraba en un domicilio ubicado en la calle Benito Ju\u00e1rez, de la colonia Miguel Alem\u00e1n, en la ciudad de Oaxaca de Ju\u00e1rez, sitio al que lleg\u00f3 el agresor quien lo atac\u00f3 con un objeto punzo cortante (navaja), infligiendo lesiones que le ocasionaron la muerte.<\/p>\n\n\n\n<p>Al tener conocimiento de los hechos, la FGEO inici\u00f3 las investigaciones correspondientes, a trav\u00e9s de la Fiscal\u00eda Especializada para la Atenci\u00f3n a Delitos de Alto Impacto, las cuales permitieron aprehender y presentar al imputado ante el Juez, quien dict\u00f3 sentencia condenatoria de 12 a\u00f1os de prisi\u00f3n en contra de A.M.R.C., por su responsabilidad en la comisi\u00f3n del delito de homicidio simple, adem\u00e1s de imponer el pago de m\u00e1s de 480 mil pesos por concepto de reparaci\u00f3n del da\u00f1o.<\/p>\n\n\n\n<p>DETENIDO POR ROBO<\/p>\n\n\n\n<p>En otro caso, la Fiscal\u00eda General del Estado ejecut\u00f3 una orden de aprehensi\u00f3n en contra de una persona del sexo masculino identificada como M.G.P., por el delito de robo con violencia moral a las personas, en perjuicio de la tienda Coppel S.A de C. V., cometido en la regi\u00f3n del Istmo de Tehuantepec.<\/p>\n\n\n\n<p>De acuerdo con la causa penal el caso, el imputado fue vinculado a proceso, accediendo a una suspensi\u00f3n condicional del proceso, al no dar cumplimiento con las condiciones establecidas, esta acci\u00f3n deriv\u00f3 en la revocaci\u00f3n de la suspensi\u00f3n condicional con la que gozaba, originando que el ministerio p\u00fablico solicitara la orden de reaprehensi\u00f3n en contra de M.G.P.<\/p>\n\n\n\n<p>Tras la detenci\u00f3n del imputado M.G.P., fue trasladado a la Agencia Estatal de Investigaciones en Juchit\u00e1n de Zaragoza, en donde fue puesto a disposici\u00f3n ante la autoridad judicial que lo requiri\u00f3.<\/p>\n\n\n\n<p>La Fiscal\u00eda General reitera su compromiso de garantizar la paz social y acercar la justicia a la ciudadan\u00eda, realizando acciones contundentes para abatir la incidencia delictiva y la criminalidad en las regiones.<\/p>\n","protected":false},"excerpt":{"rendered":"<p>Redacci\u00f3n\/Zona Roja. Oaxaca de Ju\u00e1rez, Oax., a 21 de marzo de 2024.-&nbsp;La Fiscal\u00eda General del&hellip;<\/p>\n","protected":false},"author":2,"featured_media":44576,"comment_status":"closed","ping_status":"open","sticky":false,"template":"","format":"standard","meta":{"_lmt_disableupdate":"","_lmt_disable":"","_jetpack_memberships_contains_paid_content":false,"footnotes":""},"categories":[109,46],"tags":[494],"class_list":["post-66485","post","type-post","status-publish","format-standard","has-post-thumbnail","hentry","category-minuto-a-minuto","category-zona-blanca","tag-fiscalia-general-del-estado-de-oaxaca"],"jetpack_featured_media_url":"https:\/\/zonaroja.com.mx\/wp-content\/uploads\/2022\/08\/Detenido-aprehension-encarcelado-prision.jpg","jetpack_sharing_enabled":true,"_links":{"self":[{"href":"https:\/\/zonaroja.com.mx\/index.php?rest_route=\/wp\/v2\/posts\/66485","targetHints":{"allow":["GET"]}}],"collection":[{"href":"https:\/\/zonaroja.com.mx\/index.php?rest_route=\/wp\/v2\/posts"}],"about":[{"href":"https:\/\/zonaroja.com.mx\/index.php?rest_route=\/wp\/v2\/types\/post"}],"author":[{"embeddable":true,"href":"https:\/\/zonaroja.com.mx\/index.php?rest_route=\/wp\/v2\/users\/2"}],"replies":[{"embeddable":true,"href":"https:\/\/zonaroja.com.mx\/index.php?rest_route=%2Fwp%2Fv2%2Fcomments&post=66485"}],"version-history":[{"count":1,"href":"https:\/\/zonaroja.com.mx\/index.php?rest_route=\/wp\/v2\/posts\/66485\/revisions"}],"predecessor-version":[{"id":66486,"href":"https:\/\/zonaroja.com.mx\/index.php?rest_route=\/wp\/v2\/posts\/66485\/revisions\/66486"}],"wp:featuredmedia":[{"embeddable":true,"href":"https:\/\/zonaroja.com.mx\/index.php?rest_route=\/wp\/v2\/media\/44576"}],"wp:attachment":[{"href":"https:\/\/zonaroja.com.mx\/index.php?rest_route=%2Fwp%2Fv2%2Fmedia&parent=66485"}],"wp:term":[{"taxonomy":"category","embeddable":true,"href":"https:\/\/zonaroja.com.mx\/index.php?rest_route=%2Fwp%2Fv2%2Fcategories&post=66485"},{"taxonomy":"post_tag","embeddable":true,"href":"https:\/\/zonaroja.com.mx\/index.php?rest_route=%2Fwp%2Fv2%2Ftags&post=66485"}],"curies":[{"name":"wp","href":"https:\/\/api.w.org\/{rel}","templated":true}]}}