{"id":66487,"date":"2024-03-21T11:30:00","date_gmt":"2024-03-21T17:30:00","guid":{"rendered":"http:\/\/www.zonaroja.com.mx\/?p=66487"},"modified":"2024-03-21T07:28:14","modified_gmt":"2024-03-21T13:28:14","slug":"funcionaria-del-gobierno-de-oaxaca-se-declara-incompetente-para-sanear-rios","status":"publish","type":"post","link":"https:\/\/zonaroja.com.mx\/?p=66487","title":{"rendered":"Funcionaria del gobierno de Oaxaca se declara incompetente para sanear r\u00edos"},"content":{"rendered":"\n<p>Redacci\u00f3n\/Zona Roja.<\/p>\n\n\n\n<p>Oaxaca de Ju\u00e1rez, Oax., a 21 de marzo de 2024..- La asociaci\u00f3n civil Litigio Estrat\u00e9gico Ind\u00edgena y Ecosistema y Ciudadan\u00eda Oaxaque\u00f1a (ECO) participaron en una reuni\u00f3n con la Secretar\u00eda de Medio Ambiente, Biodiversidad, Energ\u00edas y Sostenibilidad del Estado de Oaxaca (Semabieso), para&nbsp; el cumplimiento de la sentencia de amparo que ordena el rescate de los r\u00edos \u201cSalado\u201d y \u201cAtoyac\u201d.&nbsp;<\/p>\n\n\n\n<p>Mariana Y\u00e1\u00f1ez Unda y Edgar Aldair P\u00e9rez Ortiz, vicepresidenta e integrante de Litigio Estrat\u00e9gico, respectivamente; Frida Jim\u00e9nez Valencia presidenta de ECO, y otras personas de la sociedad civil se reunieron el pasado viernes 15 de marzo de 2024 con Karime Unda Harp, titular de la secretar\u00eda referida, a fin de exigir el cumplimiento al ordenamiento legal.<\/p>\n\n\n\n<p>En la reuni\u00f3n celebrada en las instalaciones de la Ciudad Administrativa, Mariana Y\u00e1\u00f1ez manifest\u00f3 que es urgente la coordinaci\u00f3n entre las autoridades del gobierno federal, estatal y municipal, para lograr un verdadero cumplimiento a la sentencia de amparo que ordena el rescate y saneamiento de los r\u00edos \u201cSalado\u201d y \u201cAtoyac\u201d.&nbsp;<\/p>\n\n\n\n<p>En el desarrollo de la reuni\u00f3n, la secretaria de Medio Ambiente insisti\u00f3 en que la instituci\u00f3n que ella representa solamente es normativa por lo que no puede ejecutar ning\u00fan tipo de obra para rescatar los r\u00edos.&nbsp;<\/p>\n\n\n\n<p>La secretaria mencion\u00f3 tambi\u00e9n que la Semabieso solo se encarga de inspeccionar y revisar, ya que tampoco puede imponer multas, adem\u00e1s, recalc\u00f3 que actualmente no cuenta con un procurador Ambiental que pueda ejercer sus facultades sancionadoras.&nbsp;<\/p>\n\n\n\n<p>Asimismo, Karime Unda Harp indic\u00f3 que su administraci\u00f3n ha creado un nuevo plan para rescatar los r\u00edos \u201cSalado\u201d y \u201cAtoyac\u201d, que lo ha denominado como \u201cPlan Interno para el Rescate de los R\u00edos \u2018Atoyac\u2019 y \u2018Salado\u2019\u201d, es decir, un plan totalmente diferente al ya existente Plan Integral para el Saneamiento de los R\u00edos \u201cAtoyac\u201d y \u201cSalado\u201d, que fue creado por la ingeniera Helena Iturribarria Rojas, en la administraci\u00f3n de Alejandro Murat.&nbsp;<\/p>\n\n\n\n<p>Es pertinente indicar que dicho plan creado en la administraci\u00f3n pasada, tuvo un costo total de 10 millones de pesos y que ahora Unda Harp pretende desecharlo para crear uno nuevo.<\/p>\n\n\n\n<p>En palabras de la secretaria del Medio Ambiente, el plan ser\u00e1 presentado formalmente en los pr\u00f3ximos d\u00edas una vez que se autorice en su totalidad, pues se requieren estudios previos, proyectos ejecutivos y manifestaciones de impacto ambiental.&nbsp;<\/p>\n\n\n\n<p>Edgar Aldair dijo que lamenta la nula coordinaci\u00f3n que existe entre la Secretar\u00eda de Medio Ambiente, Biodiversidad, Energ\u00edas y Sostenibilidad del Estado de Oaxaca, las autoridades federales y los municipios que est\u00e1n obligados a dar cumplimiento a la sentencia.&nbsp;<\/p>\n\n\n\n<p>Asimismo, manifest\u00f3 que deben actuar en conjunto los tres \u00f3rdenes de gobierno, porque de lo contrario se seguir\u00e1n simulando acciones que solo retardan el cumplimiento de la sentencia que ordena el rescate de los r\u00edos \u201cSalado\u00bb y \u201cAtoyac\u201d.<\/p>\n","protected":false},"excerpt":{"rendered":"<p>Redacci\u00f3n\/Zona Roja. Oaxaca de Ju\u00e1rez, Oax., a 21 de marzo de 2024..- La asociaci\u00f3n civil&hellip;<\/p>\n","protected":false},"author":2,"featured_media":4047,"comment_status":"closed","ping_status":"open","sticky":false,"template":"","format":"standard","meta":{"_lmt_disableupdate":"","_lmt_disable":"","_jetpack_memberships_contains_paid_content":false,"footnotes":""},"categories":[109,47],"tags":[897],"class_list":["post-66487","post","type-post","status-publish","format-standard","has-post-thumbnail","hentry","category-minuto-a-minuto","category-zona-gris","tag-litigio-estrategico-indigena"],"jetpack_featured_media_url":"https:\/\/zonaroja.com.mx\/wp-content\/uploads\/2019\/09\/R\u00edo-Atoyac.jpg","jetpack_sharing_enabled":true,"_links":{"self":[{"href":"https:\/\/zonaroja.com.mx\/index.php?rest_route=\/wp\/v2\/posts\/66487","targetHints":{"allow":["GET"]}}],"collection":[{"href":"https:\/\/zonaroja.com.mx\/index.php?rest_route=\/wp\/v2\/posts"}],"about":[{"href":"https:\/\/zonaroja.com.mx\/index.php?rest_route=\/wp\/v2\/types\/post"}],"author":[{"embeddable":true,"href":"https:\/\/zonaroja.com.mx\/index.php?rest_route=\/wp\/v2\/users\/2"}],"replies":[{"embeddable":true,"href":"https:\/\/zonaroja.com.mx\/index.php?rest_route=%2Fwp%2Fv2%2Fcomments&post=66487"}],"version-history":[{"count":1,"href":"https:\/\/zonaroja.com.mx\/index.php?rest_route=\/wp\/v2\/posts\/66487\/revisions"}],"predecessor-version":[{"id":66488,"href":"https:\/\/zonaroja.com.mx\/index.php?rest_route=\/wp\/v2\/posts\/66487\/revisions\/66488"}],"wp:featuredmedia":[{"embeddable":true,"href":"https:\/\/zonaroja.com.mx\/index.php?rest_route=\/wp\/v2\/media\/4047"}],"wp:attachment":[{"href":"https:\/\/zonaroja.com.mx\/index.php?rest_route=%2Fwp%2Fv2%2Fmedia&parent=66487"}],"wp:term":[{"taxonomy":"category","embeddable":true,"href":"https:\/\/zonaroja.com.mx\/index.php?rest_route=%2Fwp%2Fv2%2Fcategories&post=66487"},{"taxonomy":"post_tag","embeddable":true,"href":"https:\/\/zonaroja.com.mx\/index.php?rest_route=%2Fwp%2Fv2%2Ftags&post=66487"}],"curies":[{"name":"wp","href":"https:\/\/api.w.org\/{rel}","templated":true}]}}