{"id":66489,"date":"2024-03-21T07:14:06","date_gmt":"2024-03-21T13:14:06","guid":{"rendered":"http:\/\/www.zonaroja.com.mx\/?p=66489"},"modified":"2024-03-21T07:14:08","modified_gmt":"2024-03-21T13:14:08","slug":"a-unas-horas-de-la-llegada-de-amlo-a-oaxaca-asesinan-a-individuo","status":"publish","type":"post","link":"https:\/\/zonaroja.com.mx\/?p=66489","title":{"rendered":"A unas horas de la llegada de AMLO a Oaxaca, asesinan a individuo"},"content":{"rendered":"\n<p>Raymundo Morales\/Zona Roja.<\/p>\n\n\n\n<p>Oaxaca de Ju\u00e1rez, Oax., a 21 de marzo de 2024.- En la v\u00edspera de la llegada del Presidente Andr\u00e9s Manuel L\u00f3pez Obrador a Oaxaca, una persona fue asesinada a balazos en la regi\u00f3n de la Costa.<\/p>\n\n\n\n<p>El crimen se cometi\u00f3 en un domicilio de la Secci\u00f3n Primera del municipio de San Pedro Pochutla y la v\u00edctima fue identificada como Israel G. H.<\/p>\n\n\n\n<p>De acuerdo con los primeros reportes policiacos, al menos dos sujetos armados llamaron al domicilio y al salir la v\u00edctima, le dispararon de manera directa, tras lo cual huyeron presuntamente a bordo de una motocicleta.<\/p>\n\n\n\n<p>Polic\u00edas municipales arribaron tarde a la escena del asesinato, por lo cual no efectuaron ninguna detenci\u00f3n.<\/p>\n\n\n\n<p>Personal de la Vicefiscal\u00eda Regional de la Costa iniciaron las indagatorias correspondientes, que concluyeron la madrugada de este jueves. Hasta el momento no hay datos acerca del m\u00f3vil del crimen.<\/p>\n\n\n\n<p>Cabe precisar que la ma\u00f1ana de hoy, en la zona militar ubicada de la Secretar\u00eda de la Defensa Militar, en la agencia de Santa Maria Ixcotel, conurbada a la capital de Oaxaca, el Presidente de M\u00e9xico presidi\u00f3 una reuni\u00f3n en materia de seguridad con las autoridades estatales.<\/p>\n","protected":false},"excerpt":{"rendered":"<p>Raymundo Morales\/Zona Roja. Oaxaca de Ju\u00e1rez, Oax., a 21 de marzo de 2024.- En la&hellip;<\/p>\n","protected":false},"author":2,"featured_media":66490,"comment_status":"closed","ping_status":"open","sticky":false,"template":"","format":"standard","meta":{"_lmt_disableupdate":"","_lmt_disable":"","_jetpack_memberships_contains_paid_content":false,"footnotes":""},"categories":[109,51],"tags":[151],"class_list":["post-66489","post","type-post","status-publish","format-standard","has-post-thumbnail","hentry","category-minuto-a-minuto","category-zona-roja","tag-san-pedro-pochutla"],"jetpack_featured_media_url":"https:\/\/zonaroja.com.mx\/wp-content\/uploads\/2024\/03\/Ejecutado-Pochutla.jpg","jetpack_sharing_enabled":true,"_links":{"self":[{"href":"https:\/\/zonaroja.com.mx\/index.php?rest_route=\/wp\/v2\/posts\/66489","targetHints":{"allow":["GET"]}}],"collection":[{"href":"https:\/\/zonaroja.com.mx\/index.php?rest_route=\/wp\/v2\/posts"}],"about":[{"href":"https:\/\/zonaroja.com.mx\/index.php?rest_route=\/wp\/v2\/types\/post"}],"author":[{"embeddable":true,"href":"https:\/\/zonaroja.com.mx\/index.php?rest_route=\/wp\/v2\/users\/2"}],"replies":[{"embeddable":true,"href":"https:\/\/zonaroja.com.mx\/index.php?rest_route=%2Fwp%2Fv2%2Fcomments&post=66489"}],"version-history":[{"count":1,"href":"https:\/\/zonaroja.com.mx\/index.php?rest_route=\/wp\/v2\/posts\/66489\/revisions"}],"predecessor-version":[{"id":66491,"href":"https:\/\/zonaroja.com.mx\/index.php?rest_route=\/wp\/v2\/posts\/66489\/revisions\/66491"}],"wp:featuredmedia":[{"embeddable":true,"href":"https:\/\/zonaroja.com.mx\/index.php?rest_route=\/wp\/v2\/media\/66490"}],"wp:attachment":[{"href":"https:\/\/zonaroja.com.mx\/index.php?rest_route=%2Fwp%2Fv2%2Fmedia&parent=66489"}],"wp:term":[{"taxonomy":"category","embeddable":true,"href":"https:\/\/zonaroja.com.mx\/index.php?rest_route=%2Fwp%2Fv2%2Fcategories&post=66489"},{"taxonomy":"post_tag","embeddable":true,"href":"https:\/\/zonaroja.com.mx\/index.php?rest_route=%2Fwp%2Fv2%2Ftags&post=66489"}],"curies":[{"name":"wp","href":"https:\/\/api.w.org\/{rel}","templated":true}]}}