{"id":66494,"date":"2024-03-21T12:28:00","date_gmt":"2024-03-21T18:28:00","guid":{"rendered":"http:\/\/www.zonaroja.com.mx\/?p=66494"},"modified":"2024-03-21T08:01:16","modified_gmt":"2024-03-21T14:01:16","slug":"amplia-el-congreso-de-oaxaca-causales-para-la-perdida-de-la-patria-potestad","status":"publish","type":"post","link":"https:\/\/zonaroja.com.mx\/?p=66494","title":{"rendered":"Ampl\u00eda el Congreso de Oaxaca causales para la p\u00e9rdida de la patria potestad"},"content":{"rendered":"\n<p>Redacci\u00f3n\/Zona Roja.&nbsp;<\/p>\n\n\n\n<p>Oaxaca de Ju\u00e1rez, Oax., 21 de marzo de 2024.- El Congreso del Estado reform\u00f3 los art\u00edculos 298 y 300 del C\u00f3digo Familiar de Oaxaca para ampliar las causales por las cuales una persona pierde la patria potestad de sus hijas e hijos, entre ellas, el haber sido condenado por feminicidio.<\/p>\n\n\n\n<p>Con 28 votos a favor, el pleno de la 65 Legislatura local aprob\u00f3 en lo general y en lo particular, el dictamen respectivo emitido por las Comisiones Permanentes Unidas de Administraci\u00f3n y Procuraci\u00f3n de Justicia; y de Mujeres e Igualdad de G\u00e9nero.<\/p>\n\n\n\n<p>En tribuna, la legisladora Concepci\u00f3n Rueda G\u00f3mez, inform\u00f3 que, el objetivo de esta reforma es velar por el inter\u00e9s superior de la ni\u00f1ez, para asegurar que las hijas e hijos de las v\u00edctimas de feminicidio no queden bajo la patria potestad de quien asesin\u00f3 a su madre.<\/p>\n\n\n\n<p>Por su parte, la diputada Lizbeth Anaid Concha Ojeda, refiri\u00f3 que este cambio en la ley tambi\u00e9n establece como causa de p\u00e9rdida de la patria potestad cuando exista incumplimiento reiterado al r\u00e9gimen de convivencia decretado judicialmente o por convenio calificado en v\u00eda judicial, con el prop\u00f3sito de asegurar la protecci\u00f3n integral de las ni\u00f1as, ni\u00f1os y adolescentes.<\/p>\n\n\n\n<p>Con las adiciones al art\u00edculo 298 del C\u00f3digo Familiar, qued\u00f3 establecido que la persona perder\u00e1 la patria potestad cuando el titular de ella sea condenado por delito de feminicidio o de feminicidio en grado de tentativa en contra de la madre de las ni\u00f1as, ni\u00f1os y adolescentes sujetos a la misma.<\/p>\n\n\n\n<p>Asimismo, por la negativa injustificada y reiterada de cumplir con la convivencia decretada por autoridad competente o en virtud de convenio aprobado judicialmente; por embriaguez habitual, el uso ilegal y persistente de drogas, estupefacientes o sustancias psicotr\u00f3picas sin prescripci\u00f3n m\u00e9dica; y cuando el que la ejerza sea condenado por la comisi\u00f3n de un delito doloso en el que la v\u00edctima sea el menor.&nbsp;<\/p>\n\n\n\n<p>En tanto, qued\u00f3 determinado en el art\u00edculo 300 que la suspensi\u00f3n de la patria potestad ocurrir\u00e1 tambi\u00e9n por auto de vinculaci\u00f3n a proceso dictado por delito de femicidio o tentativa de feminicidio cometido por quien ejerza la patria potestad en contra de la madre de la ni\u00f1a o ni\u00f1o sujeto a patria potestad; y por auto de vinculaci\u00f3n a proceso penal por actos que atenten contra la integridad f\u00edsica, la salud, la libertad y la libertad sexual de la mujer, cometido por quien ejerza la patria potestad en contra de la madre de la ni\u00f1a o ni\u00f1o sujeto a la patria potestad.<\/p>\n\n\n\n<p>Esta reforma aprobada surge de cuatro iniciativas presentadas por las diputadas Lizett Arroyo Rodr\u00edguez, Mar\u00eda Luisa Matus Fuentes, Lizbeth Anaid Concha Ojeda, Concepci\u00f3n Rueda G\u00f3mez, Eva Diego Cruz, y por el diputado Samuel Gurri\u00f3n Mat\u00edas.<\/p>\n\n\n\n<p>El decreto aprobado entrar\u00e1 en vigor al d\u00eda siguiente de su publicaci\u00f3n en el Peri\u00f3dico Oficial del Estado.&nbsp;<\/p>\n","protected":false},"excerpt":{"rendered":"<p>Redacci\u00f3n\/Zona Roja.&nbsp; Oaxaca de Ju\u00e1rez, Oax., 21 de marzo de 2024.- El Congreso del Estado&hellip;<\/p>\n","protected":false},"author":2,"featured_media":64113,"comment_status":"closed","ping_status":"open","sticky":false,"template":"","format":"standard","meta":{"_lmt_disableupdate":"","_lmt_disable":"","_jetpack_memberships_contains_paid_content":false,"footnotes":""},"categories":[109,46],"tags":[2743],"class_list":["post-66494","post","type-post","status-publish","format-standard","has-post-thumbnail","hentry","category-minuto-a-minuto","category-zona-blanca","tag-65-legislatura-del-estado-de-oaxaca"],"jetpack_featured_media_url":"https:\/\/zonaroja.com.mx\/wp-content\/uploads\/2024\/01\/Sesion-Congreso-del-Estado-.jpeg","jetpack_sharing_enabled":true,"_links":{"self":[{"href":"https:\/\/zonaroja.com.mx\/index.php?rest_route=\/wp\/v2\/posts\/66494","targetHints":{"allow":["GET"]}}],"collection":[{"href":"https:\/\/zonaroja.com.mx\/index.php?rest_route=\/wp\/v2\/posts"}],"about":[{"href":"https:\/\/zonaroja.com.mx\/index.php?rest_route=\/wp\/v2\/types\/post"}],"author":[{"embeddable":true,"href":"https:\/\/zonaroja.com.mx\/index.php?rest_route=\/wp\/v2\/users\/2"}],"replies":[{"embeddable":true,"href":"https:\/\/zonaroja.com.mx\/index.php?rest_route=%2Fwp%2Fv2%2Fcomments&post=66494"}],"version-history":[{"count":1,"href":"https:\/\/zonaroja.com.mx\/index.php?rest_route=\/wp\/v2\/posts\/66494\/revisions"}],"predecessor-version":[{"id":66495,"href":"https:\/\/zonaroja.com.mx\/index.php?rest_route=\/wp\/v2\/posts\/66494\/revisions\/66495"}],"wp:featuredmedia":[{"embeddable":true,"href":"https:\/\/zonaroja.com.mx\/index.php?rest_route=\/wp\/v2\/media\/64113"}],"wp:attachment":[{"href":"https:\/\/zonaroja.com.mx\/index.php?rest_route=%2Fwp%2Fv2%2Fmedia&parent=66494"}],"wp:term":[{"taxonomy":"category","embeddable":true,"href":"https:\/\/zonaroja.com.mx\/index.php?rest_route=%2Fwp%2Fv2%2Fcategories&post=66494"},{"taxonomy":"post_tag","embeddable":true,"href":"https:\/\/zonaroja.com.mx\/index.php?rest_route=%2Fwp%2Fv2%2Ftags&post=66494"}],"curies":[{"name":"wp","href":"https:\/\/api.w.org\/{rel}","templated":true}]}}