{"id":66496,"date":"2024-03-21T13:30:00","date_gmt":"2024-03-21T19:30:00","guid":{"rendered":"http:\/\/www.zonaroja.com.mx\/?p=66496"},"modified":"2024-03-21T08:03:09","modified_gmt":"2024-03-21T14:03:09","slug":"opinion-oaxaca-tierra-de-redentores","status":"publish","type":"post","link":"https:\/\/zonaroja.com.mx\/?p=66496","title":{"rendered":"Opini\u00f3n. Oaxaca, tierra de redentores"},"content":{"rendered":"\n<p>N\u00e9stor Y. S\u00e1nchez Islas<\/p>\n\n\n\n<p>En tiempos antiguos, ofrecerse de redentor era arriesgarse a ser&nbsp;sacrificado;&nbsp;hoy el fen\u00f3meno camina en sentido contrario, ellos, los redentores, son quienes crucifican a todo aquel que se deje, claro, siempre&nbsp;amparados&nbsp;por&nbsp;una&nbsp;\u201cbuena causa\u201d. Estos lobos con piel de oveja no dejan causa alguna sin huarache, todas son motivo de proclamas, gritos, victimizarse y. por qu\u00e9 no, corrupci\u00f3n.<\/p>\n\n\n\n<p>Vienen&nbsp;los d\u00edas de&nbsp;la Semana Santa y con ellos los d\u00edas de vacaciones. En la ciudad de Oaxaca eso solo significa que miles de ambulantes tomar\u00e1n las calles y, muchos de ellos cobijados por algunas manadas de lobos a quien la sabidur\u00eda popular a motejado el \u201cc\u00e1rtel de las expos\u201d&nbsp;con absoluta y justificada raz\u00f3n, tomar\u00e1n plazas y calles en nombre de la justicia social.<\/p>\n\n\n\n<p>Las expo ferias artesanales tienen su raz\u00f3n de ser, hoy pervertida por la mafia que se las apropi\u00f3 y que sucesivos gobiernos&nbsp;que las toleran&nbsp;sin&nbsp;tomar en&nbsp;cuenta el enorme da\u00f1o social que provocan&nbsp;su deshonestidad.<\/p>\n\n\n\n<p>Una expo feria tiene varias funciones&nbsp;una de las cuales es la cultural, que es el principal argumento de esos tiburones que las&nbsp;privatizaron. En esos eventos deber\u00edan&nbsp;mostrarse expresiones genuinas de la&nbsp;tradici\u00f3n&nbsp;local y servir, adem\u00e1s&nbsp;como&nbsp;un&nbsp;escaparte&nbsp;y&nbsp;un canal de comercializaci\u00f3n que&nbsp;ayudar\u00eda&nbsp;en la econom\u00eda de cientos o miles de peque\u00f1os productores, la mayor\u00eda mujeres campesinas, a ganar algo de independencia econ\u00f3mica. Dada la estrecha relaci\u00f3n entre artesan\u00edas y turismo, las ferias se convert\u00edan&nbsp;en un importante atractivo&nbsp;tur\u00edstico. Ya no es as\u00ed, est\u00e1n choteadas, comercializan productos pirata de China, Pakist\u00e1n o la India, alimentan la econom\u00eda informal y desde el propio ayuntamiento se fomenta la evasi\u00f3n fiscal.<\/p>\n\n\n\n<p>Las expo ferias&nbsp;que deber\u00edan&nbsp;ser un instrumento para apoyar a artesanos, emprendedores y microempresarios&nbsp;son&nbsp;una forma de extorsi\u00f3n disfrazada de redentorismo. Si alguien quiere participar debe acudir con ellos forzosamente, no hay de otra, como me lo&nbsp;explic\u00f3&nbsp;una artesana de la mixteca mientras me&nbsp;mostraba&nbsp;unas capturas de pantalla.<\/p>\n\n\n\n<p>La \u201cmesa\u201d, es decir el espacio, se lo venden en $9 mil pesos por todo el per\u00edodo que duren las vacaciones. La persona que se lo ofrece aparece como&nbsp;\u201cSr. D.&nbsp;Ochoa\u201d.&nbsp;Para presionar le dice&nbsp;a la artesana&nbsp;que, en ese sitio, ellos son los \u00fanicos que tienen el permiso&nbsp;para instalarse.<\/p>\n\n\n\n<p>Otra peque\u00f1a productora me muestra otras capturas. La conversaci\u00f3n es con alguien que tiene un celular de Puebla&nbsp;y&nbsp;de nombre Israel. \u00c9l le dice a d\u00f3nde debe ir a pagar y le explica que la feria est\u00e1 avalada por el ayuntamiento de la capital. Igual presiona a la posible expositora diciendo que se agota el tiempo y hay pocos lugares disponibles.<\/p>\n\n\n\n<p>C\u00e1lculos muy sencillos permiten dimensionar el dinero que obtendr\u00e1n y del que, probablemente, casi nada ingresar\u00e1 a las arcas municipales. S\u00ed&nbsp;participan 100 artesanos a $9 mil por mesa estamos hablando de que el organizador obtendr\u00e1 $900 mil pesos por la feria, sin importarle si el artesano vende o no sus productos. Con&nbsp;esos&nbsp;montos de dinero&nbsp;es entendible&nbsp;por qu\u00e9&nbsp;se han&nbsp;ama\u00f1ado&nbsp;los organizadores para&nbsp;monopolizarlas&nbsp;por las buenas o las malas, lo que&nbsp;supone, adem\u00e1s,&nbsp;el reparto de dinero a las autoridades&nbsp;municipales. La destrucci\u00f3n de los parques p\u00fablicos y las molestias ocasionadas a los vecinos no les importan porque, si alguien se queja, tienen sus propios grupos de golpeadores.<\/p>\n\n\n\n<p>Para ambas&nbsp;emprendedoras&nbsp;es prohibitiva una feria. Hacen cuentas y me explican que, adem\u00e1s de lo que les cobrar\u00e1n por la mesa, deber\u00e1n pagar el transporte desde sus comunidades, el hospedaje y sus alimentos. Se preguntan, \u00bfCu\u00e1nto deber\u00eda vender&nbsp;para ganar&nbsp;algo?<\/p>\n\n\n\n<p>No hay en esas expo ferias un \u00e1nimo de ayuda sino toda una red de negocios en donde est\u00e1n involucrados personas dentro del mismo ayuntamiento, como lo hace suponer uno de los chats en que mencionan a un funcionario de Econom\u00eda municipal de la capital.<\/p>\n\n\n\n<p>Considerando la funci\u00f3n social que deber\u00edan tener estos eventos el \u00fanico que debe organizarlos es el gobierno&nbsp;de forma gratuita para los productores&nbsp;a trav\u00e9s de convocatorias&nbsp;p\u00fablicas y transparentes&nbsp;en las que, en primer lugar, apoyen a los emprendedores de su propio municipio. Deben ser sin costo y hasta apoyo deber\u00eda haber desde el propio gobierno para traer a productores aut\u00e9nticos desde sus comunidades.&nbsp;No es un favor que har\u00eda el gobierno, es su obligaci\u00f3n y esos recursos estar\u00edan mejor empleados dado que el beneficio ser\u00eda para comunidades productoras. La econom\u00eda solidaria, que deber\u00eda ser una de las razones de estos gobiernos de la 4T brilla por su ausencia.<\/p>\n\n\n\n<p>La anarqu\u00eda&nbsp;en&nbsp;la que&nbsp;vivimos&nbsp;es un terreno propicio para el florecimiento de estas mafias&nbsp;y de otros c\u00e1rteles como lo son el del despojo, con su extensi\u00f3n dentro del notariado, las mafias transportistas y la jefa de jefas, la mafia magisterial.&nbsp;La&nbsp;complicidad&nbsp;de redentores con criminales, como en Guerrero,&nbsp;es un s\u00edntoma de un Estado fallido. Y no estamos tan lejos&nbsp;de serlo.<\/p>\n\n\n\n<p>nestoryuri@yahoo.com<\/p>\n","protected":false},"excerpt":{"rendered":"<p>N\u00e9stor Y. S\u00e1nchez Islas En tiempos antiguos, ofrecerse de redentor era arriesgarse a ser&nbsp;sacrificado;&nbsp;hoy el&hellip;<\/p>\n","protected":false},"author":2,"featured_media":41861,"comment_status":"closed","ping_status":"open","sticky":false,"template":"","format":"standard","meta":{"_lmt_disableupdate":"","_lmt_disable":"","_jetpack_memberships_contains_paid_content":false,"footnotes":""},"categories":[456,109],"tags":[],"class_list":["post-66496","post","type-post","status-publish","format-standard","has-post-thumbnail","hentry","category-columna","category-minuto-a-minuto"],"jetpack_featured_media_url":"https:\/\/zonaroja.com.mx\/wp-content\/uploads\/2022\/05\/Opinion-Nestor-Yuri-Sanchez-Islas.jpg","jetpack_sharing_enabled":true,"_links":{"self":[{"href":"https:\/\/zonaroja.com.mx\/index.php?rest_route=\/wp\/v2\/posts\/66496","targetHints":{"allow":["GET"]}}],"collection":[{"href":"https:\/\/zonaroja.com.mx\/index.php?rest_route=\/wp\/v2\/posts"}],"about":[{"href":"https:\/\/zonaroja.com.mx\/index.php?rest_route=\/wp\/v2\/types\/post"}],"author":[{"embeddable":true,"href":"https:\/\/zonaroja.com.mx\/index.php?rest_route=\/wp\/v2\/users\/2"}],"replies":[{"embeddable":true,"href":"https:\/\/zonaroja.com.mx\/index.php?rest_route=%2Fwp%2Fv2%2Fcomments&post=66496"}],"version-history":[{"count":1,"href":"https:\/\/zonaroja.com.mx\/index.php?rest_route=\/wp\/v2\/posts\/66496\/revisions"}],"predecessor-version":[{"id":66497,"href":"https:\/\/zonaroja.com.mx\/index.php?rest_route=\/wp\/v2\/posts\/66496\/revisions\/66497"}],"wp:featuredmedia":[{"embeddable":true,"href":"https:\/\/zonaroja.com.mx\/index.php?rest_route=\/wp\/v2\/media\/41861"}],"wp:attachment":[{"href":"https:\/\/zonaroja.com.mx\/index.php?rest_route=%2Fwp%2Fv2%2Fmedia&parent=66496"}],"wp:term":[{"taxonomy":"category","embeddable":true,"href":"https:\/\/zonaroja.com.mx\/index.php?rest_route=%2Fwp%2Fv2%2Fcategories&post=66496"},{"taxonomy":"post_tag","embeddable":true,"href":"https:\/\/zonaroja.com.mx\/index.php?rest_route=%2Fwp%2Fv2%2Ftags&post=66496"}],"curies":[{"name":"wp","href":"https:\/\/api.w.org\/{rel}","templated":true}]}}